{"id":32613,"date":"2017-11-07T13:45:53","date_gmt":"2017-11-07T16:45:53","guid":{"rendered":"http:\/\/caririemacao.com\/1\/?p=32613"},"modified":"2017-11-07T13:45:53","modified_gmt":"2017-11-07T16:45:53","slug":"abertas-inscricoes-em-2o-concurso-de-videos-de-1-minuto-contra-a-corrupcao-na-pb","status":"publish","type":"post","link":"https:\/\/www.caririemacao.com\/1\/2017\/11\/07\/abertas-inscricoes-em-2o-concurso-de-videos-de-1-minuto-contra-a-corrupcao-na-pb\/","title":{"rendered":"Abertas inscri\u00e7\u00f5es em 2\u00ba concurso de v\u00eddeos de &#8216;1 minuto contra a corrup\u00e7\u00e3o&#8217;, na PB"},"content":{"rendered":"<div class=\"mc-column content-media content-media--normal content-photo\" data-block-type=\"backstage-photo\">\n<div class=\"content-media__container\">\n<div class=\"content-media__description-centered \">\n<p class=\"content-media__description\"><span style=\"font-family: inherit; font-size: inherit; font-style: inherit; font-variant-ligatures: inherit; font-variant-caps: inherit; font-weight: inherit; text-align: center;\">Est\u00e3o abertas at\u00e9 o dia 16 de novembro as inscri\u00e7\u00f5es de v\u00eddeos para participar do concurso \u201c1 minuto contra a corrup\u00e7\u00e3o\u201d, que acontece pela segunda vez na Para\u00edba. A iniciativa tem o objetivo de incentivar a produ\u00e7\u00e3o audiovisual, de at\u00e9 um minuto, feitos por celular e que tenham cenas com a tem\u00e1tica \u201cpreven\u00e7\u00e3o e combate \u00e0 corrup\u00e7\u00e3o\u201d.<\/span><\/p>\n<\/div>\n<\/div>\n<\/div>\n<div class=\"mc-column content-text active-extra-styles \" data-block-type=\"unstyled\" data-block-weight=\"57\">\n<p class=\"content-text__container \" data-track-category=\"Link no Texto\" data-track-links=\"\">Os tr\u00eas melhores v\u00eddeos v\u00e3o ser exibidos especialmente durante o 12\u00ba Fest Aruanda do Festival Audiovisual Brasileiro, que acontece em Jo\u00e3o Pessoa, e os vencedores v\u00e3o receber um certificado de premia\u00e7\u00e3o e um smartphone. No dia da apresenta\u00e7\u00e3o tamb\u00e9m ser\u00e1 realizado um debate aberto ao p\u00fablico sobre a tem\u00e1tica, com a presen\u00e7a de especialistas sobre o assunto.<\/p>\n<\/div>\n<div class=\"mc-column content-text active-extra-styles \" data-block-type=\"unstyled\" data-block-weight=\"64\">\n<p class=\"content-text__container \" data-track-category=\"Link no Texto\" data-track-links=\"\">Para se inscrever, os interessados devem acessar\u00a0<a href=\"http:\/\/www.ufpb.br\/contraacorrupcao\" target=\"_blank\" rel=\"noopener\">o site do concurso<\/a>, preencher a ficha t\u00e9cnica com os dados do participante, a sinopse do v\u00eddeo e as especifica\u00e7\u00f5es do celular usado para a grava\u00e7\u00e3o. No ato da inscri\u00e7\u00e3o, que \u00e9 gratuita, os candidatos tamb\u00e9m devem preencher a declara\u00e7\u00e3o de aceite das condi\u00e7\u00f5es do concurso e enviar o link com o endere\u00e7o do v\u00eddeo na internet.<\/p>\n<\/div>\n<div class=\"mc-column content-text active-extra-styles \" data-block-type=\"unstyled\" data-block-weight=\"53\">\n<p class=\"content-text__container \" data-track-category=\"Link no Texto\" data-track-links=\"\">De acordo com o regulamento, s\u00e3o aceitos curtas-metragens de todos os g\u00eaneros, desde que tenham exatamente um minuto de dura\u00e7\u00e3o, incluindo os cr\u00e9ditos. O concurso vai ser realizado em categoria \u00fanica, sendo a inscri\u00e7\u00e3o individual, por\u00e9m o v\u00eddeo pode ter constru\u00e7\u00e3o coletiva. Cada participante pode enviar at\u00e9 dois v\u00eddeos. Os crit\u00e9rios avaliados s\u00e3o:<\/p>\n<\/div>\n<div class=\"mc-column content-text active-extra-styles\" data-block-type=\"raw\" data-block-weight=\"12\">\n<ul class=\"content-unordered-list\">\n<li>Ader\u00eancia ao tema;<\/li>\n<li>Qualidade do roteiro;<\/li>\n<li>Qualidade de v\u00eddeo;<\/li>\n<li>Qualidade de \u00e1udio.<\/li>\n<\/ul>\n<\/div>\n<div data-track-category=\"fim do conteudo\" data-track-action=\"ultimo chunk conteudo\" data-track-noninteraction=\"false\" data-track-scroll=\"entrada completa viewport\">\n<div class=\"mc-column content-text active-extra-styles \" data-block-type=\"unstyled\" data-block-weight=\"35\">\n<p class=\"content-text__container \" data-track-category=\"Link no Texto\" data-track-links=\"\">O 2\u00ba concurso de v\u00eddeos \u201c1 minuto contra a corrup\u00e7\u00e3o\u2019 \u00e9 realizado pela Controladoria Geral da Uni\u00e3o (CGU) Regional Para\u00edba, pela Universidade Federal da Para\u00edba (UFPB) e pelo F\u00f3rum Paraibano de Combate \u00e0 Corrup\u00e7\u00e3o (Focco).<\/p>\n<p><strong>CARIRI EM A\u00c7\u00c3O<\/strong><\/p>\n<p><em>Com G1 \/Foto: Reprodu\u00e7\u00e3o<\/em><\/p>\n<p><strong>Leia mais not\u00edcias em\u00a0<\/strong><a href=\"http:\/\/www.caririemacao.com\/\"><strong>caririemacao.com<\/strong><\/a><strong>, siga nossa p\u00e1gina no\u00a0<\/strong><a href=\"https:\/\/www.facebook.com\/CaririEmAcao\/?ref=aymt_homepage_panel\"><strong>Facebook<\/strong><\/a>,<strong>\u00a0<\/strong><a href=\"https:\/\/www.instagram.com\/cariri_em_acao\/?hl=pt-br\"><strong>Instagram<\/strong><\/a><strong>\u00a0e <\/strong><a href=\"https:\/\/www.youtube.com\/channel\/UCAptA0jQuYQy8vMhLt2m4qg\"><strong>Youtube<\/strong><\/a><strong>\u00a0e veja nossas mat\u00e9rias, v\u00eddeos e fotos. Voc\u00ea tamb\u00e9m pode enviar informa\u00e7\u00f5es \u00e0 Reda\u00e7\u00e3o do Portal Cariri em A\u00e7\u00e3o pelo WhatsApp (83) 9 9634.5791, (83) 9 9601-1162.<\/strong><\/p>\n<\/div>\n<\/div>\n","protected":false},"excerpt":{"rendered":"<p>Est\u00e3o abertas at\u00e9 o dia 16 de novembro as inscri\u00e7\u00f5es de v\u00eddeos para participar do concurso \u201c1 minuto contra a corrup\u00e7\u00e3o\u201d, que acontece pela segunda&hellip; <\/p>\n","protected":false},"author":2,"featured_media":32615,"comment_status":"closed","ping_status":"closed","sticky":false,"template":"","format":"standard","meta":{"sfsi_plus_gutenberg_text_before_share":"","sfsi_plus_gutenberg_show_text_before_share":"","sfsi_plus_gutenberg_icon_type":"","sfsi_plus_gutenberg_icon_alignemt":"","sfsi_plus_gutenburg_max_per_row":"","footnotes":""},"categories":[2],"tags":[],"class_list":["post-32613","post","type-post","status-publish","format-standard","has-post-thumbnail","hentry","category-geral"],"_links":{"self":[{"href":"https:\/\/www.caririemacao.com\/1\/wp-json\/wp\/v2\/posts\/32613","targetHints":{"allow":["GET"]}}],"collection":[{"href":"https:\/\/www.caririemacao.com\/1\/wp-json\/wp\/v2\/posts"}],"about":[{"href":"https:\/\/www.caririemacao.com\/1\/wp-json\/wp\/v2\/types\/post"}],"author":[{"embeddable":true,"href":"https:\/\/www.caririemacao.com\/1\/wp-json\/wp\/v2\/users\/2"}],"replies":[{"embeddable":true,"href":"https:\/\/www.caririemacao.com\/1\/wp-json\/wp\/v2\/comments?post=32613"}],"version-history":[{"count":0,"href":"https:\/\/www.caririemacao.com\/1\/wp-json\/wp\/v2\/posts\/32613\/revisions"}],"wp:featuredmedia":[{"embeddable":true,"href":"https:\/\/www.caririemacao.com\/1\/wp-json\/wp\/v2\/media\/32615"}],"wp:attachment":[{"href":"https:\/\/www.caririemacao.com\/1\/wp-json\/wp\/v2\/media?parent=32613"}],"wp:term":[{"taxonomy":"category","embeddable":true,"href":"https:\/\/www.caririemacao.com\/1\/wp-json\/wp\/v2\/categories?post=32613"},{"taxonomy":"post_tag","embeddable":true,"href":"https:\/\/www.caririemacao.com\/1\/wp-json\/wp\/v2\/tags?post=32613"}],"curies":[{"name":"wp","href":"https:\/\/api.w.org\/{rel}","templated":true}]}}