{"id":32621,"date":"2017-11-07T15:48:01","date_gmt":"2017-11-07T18:48:01","guid":{"rendered":"http:\/\/caririemacao.com\/1\/?p=32621"},"modified":"2017-11-07T15:48:01","modified_gmt":"2017-11-07T18:48:01","slug":"junta-militar-e-instalada-em-ouro-velho","status":"publish","type":"post","link":"https:\/\/www.caririemacao.com\/1\/2017\/11\/07\/junta-militar-e-instalada-em-ouro-velho\/","title":{"rendered":"Junta Militar \u00e9 instalada em Ouro Velho"},"content":{"rendered":"<p>A prefeita de Ouro Velho, Nat\u00e1lia Lira, assinou na manh\u00e3 desta ter\u00e7a-feira, dia 07, na cidade de Salgadinho, o termo de instala\u00e7\u00e3o da Junta Militar de Ouro Velho.<\/p>\n<p><img decoding=\"async\" src=\"blob:https:\/\/web.whatsapp.com\/4975c31c-0571-464b-9208-b2b46c6fda85\" \/><img decoding=\"async\" src=\"blob:https:\/\/web.whatsapp.com\/4975c31c-0571-464b-9208-b2b46c6fda85\" \/><a href=\"http:\/\/caririemacao.com\/1\/wp-content\/uploads\/2017\/11\/2.jpg\"><img fetchpriority=\"high\" decoding=\"async\" class=\"size-medium wp-image-32623 aligncenter\" src=\"http:\/\/caririemacao.com\/1\/wp-content\/uploads\/2017\/11\/2-225x300.jpg\" alt=\"\" width=\"225\" height=\"300\" srcset=\"https:\/\/www.caririemacao.com\/1\/wp-content\/uploads\/2017\/11\/2-225x300.jpg 225w, https:\/\/www.caririemacao.com\/1\/wp-content\/uploads\/2017\/11\/2-768x1024.jpg 768w, https:\/\/www.caririemacao.com\/1\/wp-content\/uploads\/2017\/11\/2.jpg 960w\" sizes=\"(max-width: 225px) 100vw, 225px\" \/><\/a><\/p>\n<p>A prefeita Nat\u00e1lia tomou posse como presidente da Junta Militar de Ouro Velho que tem como objetivo de emitir documentos referentes ao servi\u00e7o militar no munic\u00edpio e garantir a cidadania.<\/p>\n<p>Nat\u00e1lia informou que ap\u00f3s iniciar os servi\u00e7os, todo jovens ourovelhenses do sexo masculino, que tenham 18 anos ou no ano em que completa a maioridade, devem procurar a junta do Servi\u00e7o Militar.<\/p>\n<p><strong>CARIRI EM A\u00c7\u00c3O<\/strong><\/p>\n<p><strong>Leia mais not\u00edcias em\u00a0<\/strong><a href=\"http:\/\/www.caririemacao.com\/\"><strong>caririemacao.com<\/strong><\/a><strong>, siga nossa p\u00e1gina no\u00a0<\/strong><a href=\"https:\/\/www.facebook.com\/CaririEmAcao\/?ref=aymt_homepage_panel\"><strong>Facebook<\/strong><\/a>,<strong>\u00a0<\/strong><a href=\"https:\/\/www.instagram.com\/cariri_em_acao\/?hl=pt-br\"><b>Instagram<\/b><\/a><strong>\u00a0e <\/strong><a href=\"https:\/\/www.youtube.com\/channel\/UCAptA0jQuYQy8vMhLt2m4qg\"><strong>Youtube<\/strong><\/a><strong>\u00a0e veja nossas mat\u00e9rias, v\u00eddeos e fotos. Voc\u00ea tamb\u00e9m pode enviar informa\u00e7\u00f5es \u00e0 Reda\u00e7\u00e3o do Portal Cariri em A\u00e7\u00e3o pelo WhatsApp (83) 9 9634.5791, (83) 9 9601-1162.<\/strong><\/p>\n","protected":false},"excerpt":{"rendered":"<p>A prefeita de Ouro Velho, Nat\u00e1lia Lira, assinou na manh\u00e3 desta ter\u00e7a-feira, dia 07, na cidade de Salgadinho, o termo de instala\u00e7\u00e3o da Junta Militar&hellip; <\/p>\n","protected":false},"author":2,"featured_media":32622,"comment_status":"closed","ping_status":"closed","sticky":false,"template":"","format":"standard","meta":{"sfsi_plus_gutenberg_text_before_share":"","sfsi_plus_gutenberg_show_text_before_share":"","sfsi_plus_gutenberg_icon_type":"","sfsi_plus_gutenberg_icon_alignemt":"","sfsi_plus_gutenburg_max_per_row":"","footnotes":""},"categories":[6],"tags":[],"class_list":["post-32621","post","type-post","status-publish","format-standard","has-post-thumbnail","hentry","category-cidades"],"_links":{"self":[{"href":"https:\/\/www.caririemacao.com\/1\/wp-json\/wp\/v2\/posts\/32621","targetHints":{"allow":["GET"]}}],"collection":[{"href":"https:\/\/www.caririemacao.com\/1\/wp-json\/wp\/v2\/posts"}],"about":[{"href":"https:\/\/www.caririemacao.com\/1\/wp-json\/wp\/v2\/types\/post"}],"author":[{"embeddable":true,"href":"https:\/\/www.caririemacao.com\/1\/wp-json\/wp\/v2\/users\/2"}],"replies":[{"embeddable":true,"href":"https:\/\/www.caririemacao.com\/1\/wp-json\/wp\/v2\/comments?post=32621"}],"version-history":[{"count":0,"href":"https:\/\/www.caririemacao.com\/1\/wp-json\/wp\/v2\/posts\/32621\/revisions"}],"wp:featuredmedia":[{"embeddable":true,"href":"https:\/\/www.caririemacao.com\/1\/wp-json\/wp\/v2\/media\/32622"}],"wp:attachment":[{"href":"https:\/\/www.caririemacao.com\/1\/wp-json\/wp\/v2\/media?parent=32621"}],"wp:term":[{"taxonomy":"category","embeddable":true,"href":"https:\/\/www.caririemacao.com\/1\/wp-json\/wp\/v2\/categories?post=32621"},{"taxonomy":"post_tag","embeddable":true,"href":"https:\/\/www.caririemacao.com\/1\/wp-json\/wp\/v2\/tags?post=32621"}],"curies":[{"name":"wp","href":"https:\/\/api.w.org\/{rel}","templated":true}]}}