{"id":32625,"date":"2017-11-07T16:01:52","date_gmt":"2017-11-07T19:01:52","guid":{"rendered":"http:\/\/caririemacao.com\/1\/?p=32625"},"modified":"2017-11-07T16:01:52","modified_gmt":"2017-11-07T19:01:52","slug":"prefeitura-de-sume-emite-nota-sobre-operacao-titanio","status":"publish","type":"post","link":"https:\/\/www.caririemacao.com\/1\/2017\/11\/07\/prefeitura-de-sume-emite-nota-sobre-operacao-titanio\/","title":{"rendered":"Prefeitura de Sum\u00e9 emite nota sobre Opera\u00e7\u00e3o Tit\u00e2nio"},"content":{"rendered":"<p>NOTA \u00c0 IMPRENSA<\/p>\n<p>Em rela\u00e7\u00e3o \u00e0 Opera\u00e7\u00e3o Tit\u00e2nio deflagrada pela Pol\u00edcia Federal nesta ter\u00e7a-feira (07), a Prefeitura Municipal de Sum\u00e9 informa que colaborou e continuar\u00e1 colaborando com as investiga\u00e7\u00f5es de maneira que os fatos sejam devidamente esclarecidos.<\/p>\n<p>A opera\u00e7\u00e3o que apura suspeita sobre a quantidade de implantes realizados pelo Centro de Especialidades Odontol\u00f3gicas (CEO) de Sum\u00e9, bem como a licita\u00e7\u00e3o ocorrida para a contrata\u00e7\u00e3o do servi\u00e7o da empresa que atua no munic\u00edpio e em outros munic\u00edpios paraibanos desde 2015, tendo sido pioneira na regi\u00e3o Nordeste, certamente chegar\u00e1 \u00e0 conclus\u00e3o de que n\u00e3o houve o cometimento de nenhuma irregularidade por parte da Prefeitura Municipal de Sum\u00e9.<\/p>\n<p>Importante esclarecer que o n\u00famero de atendimentos \u00e9 elevado porque o CEO atende Sum\u00e9 e mais 17 munic\u00edpios da regi\u00e3o do Cariri Paraibano com um programa que vem beneficiando milhares de pessoas na sa\u00fade bucal com a entrega de implantes dent\u00e1rios gratuitos para seus habitantes, alcan\u00e7ando uma popula\u00e7\u00e3o que soma mais de 100 mil pessoas, al\u00e9m de atender outras cidades da Para\u00edba e do vizinho Estado de Pernambuco, como assim permite o Sistema \u00danico de Sa\u00fade (SUS).<\/p>\n<p>Tamb\u00e9m vale salientar que os processos de licita\u00e7\u00e3o seguiram o que preconiza a Lei n\u00b0 8.666\/1993, inclusive dando ampla publicidade, de modo que qualquer empresa do territ\u00f3rio nacional pudesse participar do processo.<\/p>\n<p>Por fim, a Prefeitura de Sum\u00e9 renova o compromisso de trabalhar dentro da legalidade.<\/p>\n<p><strong>CARIRI EM A\u00c7\u00c3O<\/strong><\/p>\n<p><strong>Leia mais not\u00edcias em\u00a0<\/strong><a href=\"http:\/\/www.caririemacao.com\/\"><strong>caririemacao.com<\/strong><\/a><strong>, siga nossa p\u00e1gina no\u00a0<\/strong><a href=\"https:\/\/www.facebook.com\/CaririEmAcao\/?ref=aymt_homepage_panel\"><strong>Facebook<\/strong><\/a>,<strong>\u00a0<\/strong><a href=\"https:\/\/www.instagram.com\/cariri_em_acao\/?hl=pt-br\"><b>Instagram<\/b><\/a><strong>\u00a0e <\/strong><a href=\"https:\/\/www.youtube.com\/channel\/UCAptA0jQuYQy8vMhLt2m4qg\"><strong>Youtube<\/strong><\/a><strong>\u00a0e veja nossas mat\u00e9rias, v\u00eddeos e fotos. Voc\u00ea tamb\u00e9m pode enviar informa\u00e7\u00f5es \u00e0 Reda\u00e7\u00e3o do Portal Cariri em A\u00e7\u00e3o pelo WhatsApp (83) 9 9634.5791, (83) 9 9601-1162.<\/strong><\/p>\n","protected":false},"excerpt":{"rendered":"<p>NOTA \u00c0 IMPRENSA Em rela\u00e7\u00e3o \u00e0 Opera\u00e7\u00e3o Tit\u00e2nio deflagrada pela Pol\u00edcia Federal nesta ter\u00e7a-feira (07), a Prefeitura Municipal de Sum\u00e9 informa que colaborou e continuar\u00e1&hellip; <\/p>\n","protected":false},"author":2,"featured_media":23571,"comment_status":"closed","ping_status":"closed","sticky":false,"template":"","format":"standard","meta":{"sfsi_plus_gutenberg_text_before_share":"","sfsi_plus_gutenberg_show_text_before_share":"","sfsi_plus_gutenberg_icon_type":"","sfsi_plus_gutenberg_icon_alignemt":"","sfsi_plus_gutenburg_max_per_row":"","footnotes":""},"categories":[2],"tags":[],"class_list":["post-32625","post","type-post","status-publish","format-standard","has-post-thumbnail","hentry","category-geral"],"_links":{"self":[{"href":"https:\/\/www.caririemacao.com\/1\/wp-json\/wp\/v2\/posts\/32625","targetHints":{"allow":["GET"]}}],"collection":[{"href":"https:\/\/www.caririemacao.com\/1\/wp-json\/wp\/v2\/posts"}],"about":[{"href":"https:\/\/www.caririemacao.com\/1\/wp-json\/wp\/v2\/types\/post"}],"author":[{"embeddable":true,"href":"https:\/\/www.caririemacao.com\/1\/wp-json\/wp\/v2\/users\/2"}],"replies":[{"embeddable":true,"href":"https:\/\/www.caririemacao.com\/1\/wp-json\/wp\/v2\/comments?post=32625"}],"version-history":[{"count":0,"href":"https:\/\/www.caririemacao.com\/1\/wp-json\/wp\/v2\/posts\/32625\/revisions"}],"wp:featuredmedia":[{"embeddable":true,"href":"https:\/\/www.caririemacao.com\/1\/wp-json\/wp\/v2\/media\/23571"}],"wp:attachment":[{"href":"https:\/\/www.caririemacao.com\/1\/wp-json\/wp\/v2\/media?parent=32625"}],"wp:term":[{"taxonomy":"category","embeddable":true,"href":"https:\/\/www.caririemacao.com\/1\/wp-json\/wp\/v2\/categories?post=32625"},{"taxonomy":"post_tag","embeddable":true,"href":"https:\/\/www.caririemacao.com\/1\/wp-json\/wp\/v2\/tags?post=32625"}],"curies":[{"name":"wp","href":"https:\/\/api.w.org\/{rel}","templated":true}]}}