{"id":32627,"date":"2017-11-08T08:50:21","date_gmt":"2017-11-08T11:50:21","guid":{"rendered":"http:\/\/caririemacao.com\/1\/?p=32627"},"modified":"2017-11-08T08:50:21","modified_gmt":"2017-11-08T11:50:21","slug":"paraiba-sedia-seminario-nacional-de-bombeiros-e-recebe-cerca-de-4-mil-profissionais-de-todo-o-brasil","status":"publish","type":"post","link":"https:\/\/www.caririemacao.com\/1\/2017\/11\/08\/paraiba-sedia-seminario-nacional-de-bombeiros-e-recebe-cerca-de-4-mil-profissionais-de-todo-o-brasil\/","title":{"rendered":"Para\u00edba sedia Semin\u00e1rio Nacional de Bombeiros e recebe cerca de 4 mil profissionais de todo o Brasil"},"content":{"rendered":"<p>O maior evento da Am\u00e9rica Latina na \u00e1rea \u2018bombeir\u00edstica\u2019 ser\u00e1 aberto oficialmente nesta quarta-feira (8) em Jo\u00e3o Pessoa. A XVII edi\u00e7\u00e3o do Semin\u00e1rio Nacional de Bombeiros (Senabom), realizada pelo Governo do Estado, por meio do Corpo de Bombeiros Militar da Para\u00edba (CBMPB), tem cerim\u00f4nia de abertura \u00e0s 9h, no teatro A Pedra do Reino, no Centro de Conven\u00e7\u00f5es.<\/p>\n<p>O evento vai contar com a presen\u00e7a de gestores de seguran\u00e7a p\u00fablica da Para\u00edba e de todo o pa\u00eds, al\u00e9m de apresenta\u00e7\u00f5es culturais, com quadrilha, grupo de xaxado e show do safoneiro Edmar Miguel. Cerca de quatro mil profissionais e estudantes de todo o Brasil devem participar, at\u00e9 o pr\u00f3ximo s\u00e1bado (11), das atividades do Senabom, que incluem a apresenta\u00e7\u00e3o de trabalhos cient\u00edficos, palestras, mesas redondas, provas t\u00e9cnicas e uma feira internacional de exposi\u00e7\u00e3o de equipamentos utilizados na preven\u00e7\u00e3o e combate a inc\u00eandios.<\/p>\n<p>O secret\u00e1rio da Seguran\u00e7a e da Defesa Social, Cl\u00e1udio Lima, frisou a import\u00e2ncia de o Estado sediar o Senabom. \u201c\u00c9 um evento de grande porte, que mostra a capacidade da Para\u00edba em receber profissionais de todo o Brasil para atividades diversas, no Centro de Conven\u00e7\u00f5es e em outras estruturas, como a Vila Ol\u00edmpica, onde ir\u00e3o acontecer as provas de piscina do Campeonato de Salvamento Aqu\u00e1tico. Al\u00e9m disso, o Semin\u00e1rio tamb\u00e9m sedia a reuni\u00e3o do Conselho Nacional de Comandantes Gerais dos Corpos de Bombeiros e Pol\u00edcias Militares (CNCG), a fim de discutir a gest\u00e3o dessas institui\u00e7\u00f5es t\u00e3o importantes para a Seguran\u00e7a P\u00fablica e Defesa Social\u201d, lembrou. O encontro acontecer\u00e1 a partir das 14h30 desta quarta (08), na sala de reuni\u00f5es do CNCG,\u00a0 no Centro de Conven\u00e7\u00f5es.<\/p>\n<p><strong>Programa\u00e7\u00e3o do dia &#8211;<\/strong>\u00a0De acordo com o coronel Jair Carneiro de Barros, comandante do CBMPB, um dos destaques da programa\u00e7\u00e3o desta quarta-feira \u00e9 o in\u00edcio da Certifica\u00e7\u00e3o Nacional de C\u00e3es. Nesta prova, bin\u00f4mios (homem + c\u00e3o) de Corpos de Bombeiros de diversos estados passam por testes para assegurar que est\u00e3o aptos para atuar como c\u00e3es e condutores de busca e resgate em ocorr\u00eancias em qualquer lugar do Brasil.<\/p>\n<p>A prova \u00e9 dividida em tr\u00eas etapas e se estende at\u00e9 a sexta-feira (10), incluindo simula\u00e7\u00f5es reais de busca a v\u00edtimas em ambientes de mata. A certifica\u00e7\u00e3o acontece no estacionamento do Centro de Conven\u00e7\u00f5es, sendo aberta gratuitamente ao p\u00fablico. Outras atividades tamb\u00e9m ser\u00e3o realizadas no mesmo local, com acesso livre, como a exposi\u00e7\u00e3o de equipamentos de alta tecnologia e a prova Bombeiro de A\u00e7o (dia 9).<\/p>\n<p>O primeiro dia de atividades oficiais conta ainda com uma palestra do master coach Marcelo Teixeira, que falar\u00e1, das 11h \u00e0s 12h, no Teatro A Pedra do Reino, sobre \u2018Intelig\u00eancia Emocional \u2013 Quem est\u00e1 no comando raz\u00e3o ou emo\u00e7\u00e3o?\u2019. As inscri\u00e7\u00f5es para participar da programa\u00e7\u00e3o cient\u00edfica do Senabom podem ser feitas no pr\u00f3prio local do evento. Todas as informa\u00e7\u00f5es sobre o Semin\u00e1rio podem acessadas no site<a href=\"http:\/\/www.senabom2017.com.br\/\">www.senabom2017.com.br<\/a>.<\/p>\n<p><strong>CARIRI EM A\u00c7\u00c3O<\/strong><\/p>\n<p><em>Com Ascom\/Foto:Google\u00a0\u00a0 <\/em><\/p>\n<p><strong>Leia mais not\u00edcias em\u00a0<\/strong><a href=\"http:\/\/www.caririemacao.com\/\"><strong>caririemacao.com<\/strong><\/a><strong>, siga nossa p\u00e1gina no\u00a0<\/strong><a href=\"https:\/\/www.facebook.com\/CaririEmAcao\/?ref=aymt_homepage_panel\"><strong>Facebook<\/strong><\/a>,<strong>\u00a0<\/strong><a href=\"https:\/\/www.instagram.com\/cariri_em_acao\/?hl=pt-br\"><strong>Instagram<\/strong><\/a><strong>\u00a0e <\/strong><a href=\"https:\/\/www.youtube.com\/channel\/UCAptA0jQuYQy8vMhLt2m4qg\"><strong>Youtube<\/strong><\/a><strong>\u00a0e veja nossas mat\u00e9rias, v\u00eddeos e fotos. Voc\u00ea tamb\u00e9m pode enviar informa\u00e7\u00f5es \u00e0 Reda\u00e7\u00e3o do Portal Cariri em A\u00e7\u00e3o pelo WhatsApp (83) 9 9634.5791, (83) 9 9601-1162.<\/strong><\/p>\n","protected":false},"excerpt":{"rendered":"<p>O maior evento da Am\u00e9rica Latina na \u00e1rea \u2018bombeir\u00edstica\u2019 ser\u00e1 aberto oficialmente nesta quarta-feira (8) em Jo\u00e3o Pessoa. A XVII edi\u00e7\u00e3o do Semin\u00e1rio Nacional de&hellip; <\/p>\n","protected":false},"author":2,"featured_media":32628,"comment_status":"closed","ping_status":"closed","sticky":false,"template":"","format":"standard","meta":{"sfsi_plus_gutenberg_text_before_share":"","sfsi_plus_gutenberg_show_text_before_share":"","sfsi_plus_gutenberg_icon_type":"","sfsi_plus_gutenberg_icon_alignemt":"","sfsi_plus_gutenburg_max_per_row":"","footnotes":""},"categories":[2],"tags":[],"class_list":["post-32627","post","type-post","status-publish","format-standard","has-post-thumbnail","hentry","category-geral"],"_links":{"self":[{"href":"https:\/\/www.caririemacao.com\/1\/wp-json\/wp\/v2\/posts\/32627","targetHints":{"allow":["GET"]}}],"collection":[{"href":"https:\/\/www.caririemacao.com\/1\/wp-json\/wp\/v2\/posts"}],"about":[{"href":"https:\/\/www.caririemacao.com\/1\/wp-json\/wp\/v2\/types\/post"}],"author":[{"embeddable":true,"href":"https:\/\/www.caririemacao.com\/1\/wp-json\/wp\/v2\/users\/2"}],"replies":[{"embeddable":true,"href":"https:\/\/www.caririemacao.com\/1\/wp-json\/wp\/v2\/comments?post=32627"}],"version-history":[{"count":0,"href":"https:\/\/www.caririemacao.com\/1\/wp-json\/wp\/v2\/posts\/32627\/revisions"}],"wp:featuredmedia":[{"embeddable":true,"href":"https:\/\/www.caririemacao.com\/1\/wp-json\/wp\/v2\/media\/32628"}],"wp:attachment":[{"href":"https:\/\/www.caririemacao.com\/1\/wp-json\/wp\/v2\/media?parent=32627"}],"wp:term":[{"taxonomy":"category","embeddable":true,"href":"https:\/\/www.caririemacao.com\/1\/wp-json\/wp\/v2\/categories?post=32627"},{"taxonomy":"post_tag","embeddable":true,"href":"https:\/\/www.caririemacao.com\/1\/wp-json\/wp\/v2\/tags?post=32627"}],"curies":[{"name":"wp","href":"https:\/\/api.w.org\/{rel}","templated":true}]}}