{"id":32630,"date":"2017-11-08T09:23:14","date_gmt":"2017-11-08T12:23:14","guid":{"rendered":"http:\/\/caririemacao.com\/1\/?p=32630"},"modified":"2017-11-08T09:39:39","modified_gmt":"2017-11-08T12:39:39","slug":"joao-azevedo-visita-obras-em-cidades-do-cariri-e-participa-de-palestra-sobre-educacao","status":"publish","type":"post","link":"https:\/\/www.caririemacao.com\/1\/2017\/11\/08\/joao-azevedo-visita-obras-em-cidades-do-cariri-e-participa-de-palestra-sobre-educacao\/","title":{"rendered":"Jo\u00e3o Azevedo visita obras em cidades do Cariri e participa de palestra sobre educa\u00e7\u00e3o"},"content":{"rendered":"<p>O secret\u00e1rio de Recursos H\u00eddricos da Para\u00edba Jo\u00e3o Azevedo, esteve hoje no Cariri\u00a0 fiscalizando obras das cidades de Santo Andr\u00e9, Serra Branca e Monteiro.<\/p>\n<p>Jo\u00e3o Azevedo afirmou que as obras da cidade de Santo Andre ser\u00e3o finalizadas at\u00e9 o final do ano<\/p>\n<p>\u201c A cidade de Santo Andr\u00e9 vai receber \u00e1gua at\u00e9 o final do ano, a gente espera poder festejar isso com toda a popula\u00e7\u00e3o\u201d, disse.<\/p>\n<p><img fetchpriority=\"high\" decoding=\"async\" class=\"aligncenter wp-image-32632 size-full\" src=\"http:\/\/caririemacao.com\/1\/wp-content\/uploads\/2017\/11\/DSC_0009.jpg\" alt=\"\" width=\"800\" height=\"532\" srcset=\"https:\/\/www.caririemacao.com\/1\/wp-content\/uploads\/2017\/11\/DSC_0009.jpg 800w, https:\/\/www.caririemacao.com\/1\/wp-content\/uploads\/2017\/11\/DSC_0009-300x200.jpg 300w, https:\/\/www.caririemacao.com\/1\/wp-content\/uploads\/2017\/11\/DSC_0009-768x511.jpg 768w\" sizes=\"(max-width: 800px) 100vw, 800px\" \/><\/p>\n<p>Jo\u00e3o Azevedo tamb\u00e9m visitou as obras da escola t\u00e9cnica de de Serra Branca, \u201c a previs\u00e3o dada pela empresa \u00e9 que em mar\u00e7o do pr\u00f3ximo ano essa obra vai estar conclu\u00edda\u201d, destacou.<\/p>\n<p><a href=\"http:\/\/caririemacao.com\/1\/wp-content\/uploads\/2017\/11\/DSC_0054-1.jpg\"><img decoding=\"async\" class=\"aligncenter wp-image-32633 size-full lazyload\" data-src=\"http:\/\/caririemacao.com\/1\/wp-content\/uploads\/2017\/11\/DSC_0054-1.jpg\" alt=\"\" width=\"800\" height=\"532\" data-srcset=\"https:\/\/www.caririemacao.com\/1\/wp-content\/uploads\/2017\/11\/DSC_0054-1.jpg 800w, https:\/\/www.caririemacao.com\/1\/wp-content\/uploads\/2017\/11\/DSC_0054-1-300x200.jpg 300w, https:\/\/www.caririemacao.com\/1\/wp-content\/uploads\/2017\/11\/DSC_0054-1-768x511.jpg 768w\" data-sizes=\"(max-width: 800px) 100vw, 800px\" src=\"data:image\/svg+xml;base64,PHN2ZyB3aWR0aD0iMSIgaGVpZ2h0PSIxIiB4bWxucz0iaHR0cDovL3d3dy53My5vcmcvMjAwMC9zdmciPjwvc3ZnPg==\" style=\"--smush-placeholder-width: 800px; --smush-placeholder-aspect-ratio: 800\/532;\" \/><\/a><\/p>\n<p>Em Monteiro o\u00a0 secret\u00e1rio visitou a sede da UEPB, segundo Jo\u00e3o Azevedo, as previs\u00e3o para que as obras fiquem prontas \u00e9 de\u00a0 fevereiro do pr\u00f3ximo ano, \u201c em fevereiro do pr\u00f3ximo ano esperamos que a obra fique pronta e a UEPB possa prestar um servi\u00e7o de melhor qualidade\u201d, ressaltou.<\/p>\n<p>O secret\u00e1rio\u00a0 participou ainda do IV Semin\u00e1rio de Educa\u00e7\u00e3o Paraibana Trajet\u00f3rias Desafios e Resultados, \u00a0que est\u00e1 discutindo sobre educa\u00e7\u00e3o e quest\u00f5es h\u00eddricas.\u00a0 Jo\u00e3o Azevedo falou sobre educa\u00e7\u00e3o profissional para o desenvolvimento do territ\u00f3rio. Ele destacou o trabalho que o governo est\u00e1 desenvolvendo na educa\u00e7\u00e3o, com a constru\u00e7\u00e3o de escolas t\u00e9cnicas, \u201c n\u00f3s temos que preparar os nossos jovens para esse mercado t\u00e3o disputado, que \u00e9 o mercado de trabalho, as ferramentas vir\u00e3o com a implanta\u00e7\u00e3o das escolas t\u00e9cnicas\u201d, disse.<\/p>\n<p>Veja toda as fotos<\/p>\n<p><div class=\"ose- ose-uid-7d124c052e5f5f1b213cccd558558bb4 ose-embedpress-responsive\" style=\"width:600px; height:550px; max-height:550px; max-width:100%; display:inline-block;\" data-embed-type=\"Facebook\"><iframe allowFullScreen=\"true\" class=\"embera-facebook-iframe-61023 lazyload\" data-src=\"https:\/\/www.facebook.com\/plugins\/post.php?href=https%3A%2F%2Fwww.facebook.com%2Fmedia%2Fset%2F%3Fset%3Da.1126110044191684.1073742599.302749469861083%26%23038%3Btype%3D1%26%23038%3Bl%3Dee7fe6724e&width=600&height=550&show_text=true\" width=\"600\" height=\"550\" style=\"border:none;overflow:hidden\" scrolling=\"no\" frameborder=\"0\" allowTransparency=\"true\" src=\"data:image\/svg+xml;base64,PHN2ZyB3aWR0aD0iMSIgaGVpZ2h0PSIxIiB4bWxucz0iaHR0cDovL3d3dy53My5vcmcvMjAwMC9zdmciPjwvc3ZnPg==\" data-load-mode=\"1\"><\/iframe><\/div><\/p>\n<p><strong>CARIRI EM A\u00c7\u00c3O<\/strong><\/p>\n<p><em>Com Pol\u00eamica Para\u00edba\/Fotos Cariri em A\u00e7\u00e3o\u00a0<\/em><\/p>\n<p><strong>Leia mais not\u00edcias em\u00a0<\/strong><a href=\"http:\/\/www.caririemacao.com\/\"><strong>caririemacao.com<\/strong><\/a><strong>, siga nossa p\u00e1gina no\u00a0<\/strong><a href=\"https:\/\/www.facebook.com\/CaririEmAcao\/?ref=aymt_homepage_panel\"><strong>Facebook<\/strong><\/a>,<strong>\u00a0<\/strong><a href=\"https:\/\/www.instagram.com\/cariri_em_acao\/?hl=pt-br\"><strong>Instagram<\/strong><\/a><strong>\u00a0e <\/strong><a href=\"https:\/\/www.youtube.com\/channel\/UCAptA0jQuYQy8vMhLt2m4qg\"><strong>Youtube<\/strong><\/a><strong>\u00a0e veja nossas mat\u00e9rias, v\u00eddeos e fotos. Voc\u00ea tamb\u00e9m pode enviar informa\u00e7\u00f5es \u00e0 Reda\u00e7\u00e3o do Portal Cariri em A\u00e7\u00e3o pelo WhatsApp (83) 9 9634.5791, (83) 9 9601-1162.<\/strong><\/p>\n","protected":false},"excerpt":{"rendered":"<p>O secret\u00e1rio de Recursos H\u00eddricos da Para\u00edba Jo\u00e3o Azevedo, esteve hoje no Cariri\u00a0 fiscalizando obras das cidades de Santo Andr\u00e9, Serra Branca e Monteiro. Jo\u00e3o&hellip; <\/p>\n","protected":false},"author":2,"featured_media":32631,"comment_status":"closed","ping_status":"closed","sticky":false,"template":"","format":"standard","meta":{"sfsi_plus_gutenberg_text_before_share":"","sfsi_plus_gutenberg_show_text_before_share":"","sfsi_plus_gutenberg_icon_type":"","sfsi_plus_gutenberg_icon_alignemt":"","sfsi_plus_gutenburg_max_per_row":"","footnotes":""},"categories":[2],"tags":[],"class_list":["post-32630","post","type-post","status-publish","format-standard","has-post-thumbnail","hentry","category-geral"],"_links":{"self":[{"href":"https:\/\/www.caririemacao.com\/1\/wp-json\/wp\/v2\/posts\/32630","targetHints":{"allow":["GET"]}}],"collection":[{"href":"https:\/\/www.caririemacao.com\/1\/wp-json\/wp\/v2\/posts"}],"about":[{"href":"https:\/\/www.caririemacao.com\/1\/wp-json\/wp\/v2\/types\/post"}],"author":[{"embeddable":true,"href":"https:\/\/www.caririemacao.com\/1\/wp-json\/wp\/v2\/users\/2"}],"replies":[{"embeddable":true,"href":"https:\/\/www.caririemacao.com\/1\/wp-json\/wp\/v2\/comments?post=32630"}],"version-history":[{"count":0,"href":"https:\/\/www.caririemacao.com\/1\/wp-json\/wp\/v2\/posts\/32630\/revisions"}],"wp:featuredmedia":[{"embeddable":true,"href":"https:\/\/www.caririemacao.com\/1\/wp-json\/wp\/v2\/media\/32631"}],"wp:attachment":[{"href":"https:\/\/www.caririemacao.com\/1\/wp-json\/wp\/v2\/media?parent=32630"}],"wp:term":[{"taxonomy":"category","embeddable":true,"href":"https:\/\/www.caririemacao.com\/1\/wp-json\/wp\/v2\/categories?post=32630"},{"taxonomy":"post_tag","embeddable":true,"href":"https:\/\/www.caririemacao.com\/1\/wp-json\/wp\/v2\/tags?post=32630"}],"curies":[{"name":"wp","href":"https:\/\/api.w.org\/{rel}","templated":true}]}}