{"id":32635,"date":"2017-11-08T09:44:08","date_gmt":"2017-11-08T12:44:08","guid":{"rendered":"http:\/\/caririemacao.com\/1\/?p=32635"},"modified":"2017-11-08T09:46:05","modified_gmt":"2017-11-08T12:46:05","slug":"32635","status":"publish","type":"post","link":"https:\/\/www.caririemacao.com\/1\/2017\/11\/08\/32635\/","title":{"rendered":"C\u00e1ssio sai da disputa: Romero ou Luciano s\u00e3o as op\u00e7\u00f5es para disputar o governo"},"content":{"rendered":"<p>O senador C\u00e1ssio Cunha Lima (PSDB) defendeu, ontem, que a chapa de oposi\u00e7\u00e3o para disputar o governo do Estado no pr\u00f3ximo ano seja encabe\u00e7ada pelo prefeito de Campina Grande, Romero Rodrigues, tucano, ou pelo prefeito de Jo\u00e3o Pessoa, Luciano Cartaxo, do PSD.<\/p>\n<p>Com isto, Cunha Lima descartou a hip\u00f3tese de voltar a disputar novamente o Pal\u00e1cio da Reden\u00e7\u00e3o, como tem sido frequentemente cogitado.<\/p>\n<p>Ele desmentiu, ainda, a hip\u00f3tese de lan\u00e7amento do deputado federal Pedro Cunha Lima, seu filho, como postulante a vice-governador na chapa oposicionista, ponderando que ele vem executando um excelente trabalho na C\u00e2mara dos Deputados.<\/p>\n<p>\u2013 O momento \u00e9 de dar oportunidade a outras lideran\u00e7as que n\u00e3o governaram o Estado \u2013 salientou C\u00e1ssio em declara\u00e7\u00f5es veiculadas pelo Sistema Correio de Comunica\u00e7\u00e3o, em emissoras de r\u00e1dio. No que diz respeito, ainda, ao filho Pedro, o senador adiantou: \u201cEle \u00e9 jovem e pensa como jovem, faz pol\u00edtica de forma diferente, absolutamente coerente.<\/p>\n<p>Ele votou nas duas oportunidades pela investiga\u00e7\u00e3o do presidente Michel Temer, mostrando firmeza de posi\u00e7\u00f5es, bem como que tem um foco muito importante em setores essenciais, como a Educa\u00e7\u00e3o\u201d. Se depender de C\u00e1ssio, Pedro disputar\u00e1 a reelei\u00e7\u00e3o \u00e0 C\u00e2mara, mas o senado frisou que acatar\u00e1 qualquer posicionamento que o filho vier a tomar.<\/p>\n<p>Atualmente ocupando a primeira vice-presid\u00eancia do Senado, Cunha Lima admitiu que o PSDB est\u00e1 dividido nas posi\u00e7\u00f5es referentes a apoio ao governo do presidente Michel Temer.<\/p>\n<p>Recordou que a maior parte da bancada votou pela abertura das investiga\u00e7\u00f5es contra o peemedebista Temer, acusado de corrup\u00e7\u00e3o passiva, nas duas vota\u00e7\u00f5es que foram procedidas no \u00e2mbito da C\u00e2mara dos Deputados.<\/p>\n<p>A delibera\u00e7\u00e3o final acerca da posi\u00e7\u00e3o do partido ser\u00e1 tomada durante a conven\u00e7\u00e3o nacional do partido marcada para 11 de dezembro. Figuras de proa do tucanato como o ex-presidente Fernando Henrique Cardoso t\u00eam sugerido uma ruptura ou desembarque do governo Michel Temer, o que causou irrita\u00e7\u00e3o da parte do presidente da Rep\u00fablica, segundo deixou escapar.<\/p>\n<p>\u2013 Se h\u00e1 uma divis\u00e3o, a quest\u00e3o ser\u00e1 resolvida pela inst\u00e2ncia de decis\u00e3o superior, que \u00e9 a inst\u00e2ncia de delibera\u00e7\u00e3o m\u00e1xima n\u00e3o somente do PSDB mas de qualquer outro partido, que \u00e9 a conven\u00e7\u00e3o nacional \u2013 acrescentou o senador C\u00e1ssio Cunha Lima, confirmando que a conven\u00e7\u00e3o programada para o dia 11 de dezembro ser\u00e1 decisiva a respeito da quest\u00e3o.<\/p>\n<p>No que tange ao seu pr\u00f3prio posicionamento em torno do governo Temer, deixou claro que \u00e9 de natureza cr\u00edtica e que isto \u00e9 do conhecimento da opini\u00e3o p\u00fablica.<\/p>\n<p><strong>CARIRI EM A\u00c7\u00c3O<\/strong><\/p>\n<p><em>Com\u00a0<\/em>Nonato Guedes<em>\u00a0\/Foto: <\/em><em>Google\u00a0\u00a0<\/em><\/p>\n<p><strong>Leia mais not\u00edcias em\u00a0<\/strong><a href=\"http:\/\/www.caririemacao.com\/\"><strong>caririemacao.com<\/strong><\/a><strong>, siga nossa p\u00e1gina no\u00a0<\/strong><a href=\"https:\/\/www.facebook.com\/CaririEmAcao\/?ref=aymt_homepage_panel\"><strong>Facebook<\/strong><\/a>,<strong>\u00a0<\/strong><a href=\"https:\/\/www.instagram.com\/cariri_em_acao\/?hl=pt-br\"><strong>Instagram<\/strong><\/a><strong>\u00a0e <\/strong><a href=\"https:\/\/www.youtube.com\/channel\/UCAptA0jQuYQy8vMhLt2m4qg\"><strong>Youtube<\/strong><\/a><strong>\u00a0e veja nossas mat\u00e9rias, v\u00eddeos e fotos. Voc\u00ea tamb\u00e9m pode enviar informa\u00e7\u00f5es \u00e0 Reda\u00e7\u00e3o do Portal Cariri em A\u00e7\u00e3o pelo WhatsApp (83) 9 9634.5791, (83) 9 9601-1162.<\/strong><\/p>\n","protected":false},"excerpt":{"rendered":"<p>O senador C\u00e1ssio Cunha Lima (PSDB) defendeu, ontem, que a chapa de oposi\u00e7\u00e3o para disputar o governo do Estado no pr\u00f3ximo ano seja encabe\u00e7ada pelo&hellip; <\/p>\n","protected":false},"author":2,"featured_media":32636,"comment_status":"closed","ping_status":"closed","sticky":false,"template":"","format":"standard","meta":{"sfsi_plus_gutenberg_text_before_share":"","sfsi_plus_gutenberg_show_text_before_share":"","sfsi_plus_gutenberg_icon_type":"","sfsi_plus_gutenberg_icon_alignemt":"","sfsi_plus_gutenburg_max_per_row":"","footnotes":""},"categories":[1],"tags":[],"class_list":["post-32635","post","type-post","status-publish","format-standard","has-post-thumbnail","hentry","category-o-site"],"_links":{"self":[{"href":"https:\/\/www.caririemacao.com\/1\/wp-json\/wp\/v2\/posts\/32635","targetHints":{"allow":["GET"]}}],"collection":[{"href":"https:\/\/www.caririemacao.com\/1\/wp-json\/wp\/v2\/posts"}],"about":[{"href":"https:\/\/www.caririemacao.com\/1\/wp-json\/wp\/v2\/types\/post"}],"author":[{"embeddable":true,"href":"https:\/\/www.caririemacao.com\/1\/wp-json\/wp\/v2\/users\/2"}],"replies":[{"embeddable":true,"href":"https:\/\/www.caririemacao.com\/1\/wp-json\/wp\/v2\/comments?post=32635"}],"version-history":[{"count":0,"href":"https:\/\/www.caririemacao.com\/1\/wp-json\/wp\/v2\/posts\/32635\/revisions"}],"wp:featuredmedia":[{"embeddable":true,"href":"https:\/\/www.caririemacao.com\/1\/wp-json\/wp\/v2\/media\/32636"}],"wp:attachment":[{"href":"https:\/\/www.caririemacao.com\/1\/wp-json\/wp\/v2\/media?parent=32635"}],"wp:term":[{"taxonomy":"category","embeddable":true,"href":"https:\/\/www.caririemacao.com\/1\/wp-json\/wp\/v2\/categories?post=32635"},{"taxonomy":"post_tag","embeddable":true,"href":"https:\/\/www.caririemacao.com\/1\/wp-json\/wp\/v2\/tags?post=32635"}],"curies":[{"name":"wp","href":"https:\/\/api.w.org\/{rel}","templated":true}]}}