{"id":32645,"date":"2017-11-08T10:07:33","date_gmt":"2017-11-08T13:07:33","guid":{"rendered":"http:\/\/caririemacao.com\/1\/?p=32645"},"modified":"2017-11-08T10:07:33","modified_gmt":"2017-11-08T13:07:33","slug":"jovens-mostram-desinteresse-por-politica-e-so-votam-porque-e-obrigatorio","status":"publish","type":"post","link":"https:\/\/www.caririemacao.com\/1\/2017\/11\/08\/jovens-mostram-desinteresse-por-politica-e-so-votam-porque-e-obrigatorio\/","title":{"rendered":"Jovens mostram desinteresse por pol\u00edtica e s\u00f3 votam porque \u00e9 obrigat\u00f3rio"},"content":{"rendered":"<p>Em tempos de crise moral e \u00e9tica da classe pol\u00edtica, onde cada vez mais a popula\u00e7\u00e3o se distancia das discuss\u00f5es pol\u00edtico-partid\u00e1rias, o Tribunal Superior Eleitoral (TSE) tenta incentiva o jovem para a import\u00e2ncia do 1\u00ba voto. Tanto que desde o dia 28 de outubro est\u00e3o sendo veiculadas campanhas de conscientiza\u00e7\u00e3o nos meios de comunica\u00e7\u00e3o.<strong><br \/>\n<\/strong><br \/>\nAtualmente o voto \u00e9 obrigat\u00f3rio a partir dos 18 anos, mas aqueles que possuam mais de 16 anos podem tirar o t\u00edtulo eleitoral. O voto tamb\u00e9m \u00e9 facultativo para os maiores de 70 anos e aos analfabetos.<\/p>\n<p>De acordo com o TSE, atualmente a Para\u00edba possui 47.043 eleitores com idade entre 16 anos e 17 anos aptos a votar no estado. Esse quantitativo daria para eleger, por exemplo, de dois a tr\u00eas deputados estaduais no pleito de 2014.<\/p>\n<p>Para tentar entender como os adolescentes e jovens pensam a pol\u00edtica e se sentem estimulados a votar, o Portal Correio foi at\u00e9 o Lyceu Paraibano, uma das escolas p\u00fablicas mais tradicionais do estado, para conversar sobre o assunto.<\/p>\n<p>A aluna Amanda Thuanny, de 17 anos, disse ter tirado o t\u00edtulo eleitoral h\u00e1 pouco tempo e preferiu n\u00e3o exercer o direito de voto aos 16 por n\u00e3o entender muito do assunto. Ela revelou n\u00e3o ver necessidade de solicitar o documento antes, j\u00e1 que trata-se de algo facultativo.<\/p>\n<p>Camila Freitas, de 19 anos, se mostrou desestimulada por conta da atual situa\u00e7\u00e3o vivida no pa\u00eds. A estudante revelou que a onda de corrup\u00e7\u00e3o faz com que ela tenha a sensa\u00e7\u00e3o de n\u00e3o poder acreditar em nenhum pol\u00edtico. \u201cNenhum me passa confian\u00e7a, infelizmente a pol\u00edtica se tornou algo muito sujo, onde s\u00f3 se v\u00ea corrup\u00e7\u00e3o e falcatruas\u201d, comentou.<\/p>\n<p>J\u00e1 Sttefany Sophia, de 18 anos, revelou que n\u00e3o providenciou a retirada do t\u00edtulo. Ela confessou que a falta de interesse em pol\u00edtica pesou para que isso acontecesse. A estudante disse que s\u00f3 vai solicitar o t\u00edtulo por conta das implica\u00e7\u00f5es que a falta do documento lhe trar\u00e1. \u201cComo penso em tirar o passaporte e tamb\u00e9m fazer concursos p\u00fablicos terei que tirar o t\u00edtulo, mas o que vejo na pol\u00edtica \u00e9 muita hipocrisia\u201d, observou.<\/p>\n<p>Atualmente mais de 2,9 milh\u00f5es de eleitores est\u00e3o aptos a votar na Para\u00edba.<\/p>\n<p><strong>CARIRI EM A\u00c7\u00c3O<\/strong><\/p>\n<p><em>Com Portal Correio \/Foto: Google\u00a0\u00a0 <\/em><\/p>\n<p><strong>Leia mais not\u00edcias em\u00a0<\/strong><a href=\"http:\/\/www.caririemacao.com\/\"><strong>caririemacao.com<\/strong><\/a><strong>, siga nossa p\u00e1gina no\u00a0<\/strong><a href=\"https:\/\/www.facebook.com\/CaririEmAcao\/?ref=aymt_homepage_panel\"><strong>Facebook<\/strong><\/a>,<strong>\u00a0<\/strong><a href=\"https:\/\/www.instagram.com\/cariri_em_acao\/?hl=pt-br\"><strong>Instagram<\/strong><\/a><strong>\u00a0e <\/strong><a href=\"https:\/\/www.youtube.com\/channel\/UCAptA0jQuYQy8vMhLt2m4qg\"><strong>Youtube<\/strong><\/a><strong>\u00a0e veja nossas mat\u00e9rias, v\u00eddeos e fotos. Voc\u00ea tamb\u00e9m pode enviar informa\u00e7\u00f5es \u00e0 Reda\u00e7\u00e3o do Portal Cariri em A\u00e7\u00e3o pelo WhatsApp (83) 9 9634.5791, (83) 9 9601-1162.<\/strong><\/p>\n","protected":false},"excerpt":{"rendered":"<p>Em tempos de crise moral e \u00e9tica da classe pol\u00edtica, onde cada vez mais a popula\u00e7\u00e3o se distancia das discuss\u00f5es pol\u00edtico-partid\u00e1rias, o Tribunal Superior Eleitoral&hellip; <\/p>\n","protected":false},"author":2,"featured_media":32647,"comment_status":"closed","ping_status":"closed","sticky":false,"template":"","format":"standard","meta":{"sfsi_plus_gutenberg_text_before_share":"","sfsi_plus_gutenberg_show_text_before_share":"","sfsi_plus_gutenberg_icon_type":"","sfsi_plus_gutenberg_icon_alignemt":"","sfsi_plus_gutenburg_max_per_row":"","footnotes":""},"categories":[11],"tags":[],"class_list":["post-32645","post","type-post","status-publish","format-standard","has-post-thumbnail","hentry","category-politica"],"_links":{"self":[{"href":"https:\/\/www.caririemacao.com\/1\/wp-json\/wp\/v2\/posts\/32645","targetHints":{"allow":["GET"]}}],"collection":[{"href":"https:\/\/www.caririemacao.com\/1\/wp-json\/wp\/v2\/posts"}],"about":[{"href":"https:\/\/www.caririemacao.com\/1\/wp-json\/wp\/v2\/types\/post"}],"author":[{"embeddable":true,"href":"https:\/\/www.caririemacao.com\/1\/wp-json\/wp\/v2\/users\/2"}],"replies":[{"embeddable":true,"href":"https:\/\/www.caririemacao.com\/1\/wp-json\/wp\/v2\/comments?post=32645"}],"version-history":[{"count":0,"href":"https:\/\/www.caririemacao.com\/1\/wp-json\/wp\/v2\/posts\/32645\/revisions"}],"wp:featuredmedia":[{"embeddable":true,"href":"https:\/\/www.caririemacao.com\/1\/wp-json\/wp\/v2\/media\/32647"}],"wp:attachment":[{"href":"https:\/\/www.caririemacao.com\/1\/wp-json\/wp\/v2\/media?parent=32645"}],"wp:term":[{"taxonomy":"category","embeddable":true,"href":"https:\/\/www.caririemacao.com\/1\/wp-json\/wp\/v2\/categories?post=32645"},{"taxonomy":"post_tag","embeddable":true,"href":"https:\/\/www.caririemacao.com\/1\/wp-json\/wp\/v2\/tags?post=32645"}],"curies":[{"name":"wp","href":"https:\/\/api.w.org\/{rel}","templated":true}]}}