{"id":32661,"date":"2017-11-08T10:27:56","date_gmt":"2017-11-08T13:27:56","guid":{"rendered":"http:\/\/caririemacao.com\/1\/?p=32661"},"modified":"2017-11-08T10:27:56","modified_gmt":"2017-11-08T13:27:56","slug":"bandidos-rendem-vitimas-e-fazem-o-rapa-em-praca","status":"publish","type":"post","link":"https:\/\/www.caririemacao.com\/1\/2017\/11\/08\/bandidos-rendem-vitimas-e-fazem-o-rapa-em-praca\/","title":{"rendered":"Bandidos rendem v\u00edtimas e fazem o rapa em pra\u00e7a"},"content":{"rendered":"<p>A bandidagem continua pintando e bordando na regi\u00e3o do Cariri. O caso mais recente aconteceu na cidade de Monteiro, na noite desta ter\u00e7a-feira (07), quando dois homens armados renderam populares que estavam na Pra\u00e7a da Saudade, e levaram seus pertences.<\/p>\n<p>De acordo com informa\u00e7\u00f5es, os bandidos chegaram ao local em uma moto, estavam encapuzados e armados com rev\u00f3lveres. Entre os pertences das v\u00edtimas estavam alguns celulares.<\/p>\n<p>Outra ocorr\u00eancia registrada na cidade de Monteiro foi o furto de uma moto do tipo Honda Pop, que acabou sendo localizada abandonada pouco tempo depois.<\/p>\n<p><strong>Pris\u00e3o<\/strong><br \/>\nUm suspeito de participar do assalto na Pra\u00e7a da Saudade acabou sendo preso pouco tempo depois e encaminhado para a Delegacia Regional de Monteiro . Seu comparsa ainda n\u00e3o foi localizado.<\/p>\n<p><strong>CARIRI EM A\u00c7\u00c3O<\/strong><\/p>\n<p><em>Com Cariri Ligado\/Foto: Reprodu\u00e7\u00e3o<\/em><\/p>\n<p><strong>Leia mais not\u00edcias em\u00a0<\/strong><a href=\"http:\/\/www.caririemacao.com\/\"><strong>caririemacao.com<\/strong><\/a><strong>, siga nossa p\u00e1gina no\u00a0<\/strong><a href=\"https:\/\/www.facebook.com\/CaririEmAcao\/?ref=aymt_homepage_panel\"><strong>Facebook<\/strong><\/a>,<strong>\u00a0<\/strong><a href=\"https:\/\/www.instagram.com\/cariri_em_acao\/?hl=pt-br\"><strong>Instagram<\/strong><\/a><strong>\u00a0e <\/strong><a href=\"https:\/\/www.youtube.com\/channel\/UCAptA0jQuYQy8vMhLt2m4qg\"><strong>Youtube<\/strong><\/a><strong>\u00a0e veja nossas mat\u00e9rias, v\u00eddeos e fotos. Voc\u00ea tamb\u00e9m pode enviar informa\u00e7\u00f5es \u00e0 Reda\u00e7\u00e3o do Portal Cariri em A\u00e7\u00e3o pelo WhatsApp (83) 9 9634.5791, (83) 9 9601-1162.<\/strong><\/p>\n","protected":false},"excerpt":{"rendered":"<p>A bandidagem continua pintando e bordando na regi\u00e3o do Cariri. O caso mais recente aconteceu na cidade de Monteiro, na noite desta ter\u00e7a-feira (07), quando&hellip; <\/p>\n","protected":false},"author":2,"featured_media":15441,"comment_status":"closed","ping_status":"closed","sticky":false,"template":"","format":"standard","meta":{"sfsi_plus_gutenberg_text_before_share":"","sfsi_plus_gutenberg_show_text_before_share":"","sfsi_plus_gutenberg_icon_type":"","sfsi_plus_gutenberg_icon_alignemt":"","sfsi_plus_gutenburg_max_per_row":"","footnotes":""},"categories":[12],"tags":[],"class_list":["post-32661","post","type-post","status-publish","format-standard","has-post-thumbnail","hentry","category-policia"],"_links":{"self":[{"href":"https:\/\/www.caririemacao.com\/1\/wp-json\/wp\/v2\/posts\/32661","targetHints":{"allow":["GET"]}}],"collection":[{"href":"https:\/\/www.caririemacao.com\/1\/wp-json\/wp\/v2\/posts"}],"about":[{"href":"https:\/\/www.caririemacao.com\/1\/wp-json\/wp\/v2\/types\/post"}],"author":[{"embeddable":true,"href":"https:\/\/www.caririemacao.com\/1\/wp-json\/wp\/v2\/users\/2"}],"replies":[{"embeddable":true,"href":"https:\/\/www.caririemacao.com\/1\/wp-json\/wp\/v2\/comments?post=32661"}],"version-history":[{"count":0,"href":"https:\/\/www.caririemacao.com\/1\/wp-json\/wp\/v2\/posts\/32661\/revisions"}],"wp:featuredmedia":[{"embeddable":true,"href":"https:\/\/www.caririemacao.com\/1\/wp-json\/wp\/v2\/media\/15441"}],"wp:attachment":[{"href":"https:\/\/www.caririemacao.com\/1\/wp-json\/wp\/v2\/media?parent=32661"}],"wp:term":[{"taxonomy":"category","embeddable":true,"href":"https:\/\/www.caririemacao.com\/1\/wp-json\/wp\/v2\/categories?post=32661"},{"taxonomy":"post_tag","embeddable":true,"href":"https:\/\/www.caririemacao.com\/1\/wp-json\/wp\/v2\/tags?post=32661"}],"curies":[{"name":"wp","href":"https:\/\/api.w.org\/{rel}","templated":true}]}}