{"id":32663,"date":"2017-11-08T10:32:30","date_gmt":"2017-11-08T13:32:30","guid":{"rendered":"http:\/\/caririemacao.com\/1\/?p=32663"},"modified":"2017-11-08T10:32:30","modified_gmt":"2017-11-08T13:32:30","slug":"populacao-denuncia-falta-de-agua-em-ouro-velho-ha-mais-de-uma-semana","status":"publish","type":"post","link":"https:\/\/www.caririemacao.com\/1\/2017\/11\/08\/populacao-denuncia-falta-de-agua-em-ouro-velho-ha-mais-de-uma-semana\/","title":{"rendered":"Popula\u00e7\u00e3o den\u00fancia falta de \u00e1gua em Ouro Velho h\u00e1 mais de uma semana"},"content":{"rendered":"<p>A Popula\u00e7\u00e3o da cidade de Ouro Velho, no Cariri paraibano, n\u00e3o sabe o que \u00e9 ter \u00e1gua nas torneiras h\u00e1 mais de uma semana, e cobra provid\u00eancias da Cagepa.<\/p>\n<div><\/div>\n<div>De acordo com informa\u00e7\u00f5es, a falta de \u00e1gua come\u00e7ou na segunda-feira da semana passada, dia 30, o que tem gerado transtornos \u00e0 popula\u00e7\u00e3o e causado preju\u00edzos aos comerciantes locais.<\/div>\n<div><\/div>\n<div>\u201cO descaso da Cagepa com a popula\u00e7\u00e3o de Ouro Velho \u00e9 antiga, e mesmo com a \u00e1gua da Transposi\u00e7\u00e3o do Rio S\u00e3o Francisco estando dispon\u00edvel, estamos passando por essa situa\u00e7\u00e3o\u201d, disse o morador Batista Filho.<\/div>\n<div>\n<p><strong>CARIRI EM A\u00c7\u00c3O<\/strong><\/p>\n<p><em>Com Vitrine do Cariri\/Foto: Google\u00a0\u00a0 <\/em><\/p>\n<p><strong>Leia mais not\u00edcias em\u00a0<\/strong><a href=\"http:\/\/www.caririemacao.com\/\"><strong>caririemacao.com<\/strong><\/a><strong>, siga nossa p\u00e1gina no\u00a0<\/strong><a href=\"https:\/\/www.facebook.com\/CaririEmAcao\/?ref=aymt_homepage_panel\"><strong>Facebook<\/strong><\/a>,<strong>\u00a0<\/strong><a href=\"https:\/\/www.instagram.com\/cariri_em_acao\/?hl=pt-br\"><strong>Instagram<\/strong><\/a><strong>\u00a0e <\/strong><a href=\"https:\/\/www.youtube.com\/channel\/UCAptA0jQuYQy8vMhLt2m4qg\"><strong>Youtube<\/strong><\/a><strong>\u00a0e veja nossas mat\u00e9rias, v\u00eddeos e fotos. Voc\u00ea tamb\u00e9m pode enviar informa\u00e7\u00f5es \u00e0 Reda\u00e7\u00e3o do Portal Cariri em A\u00e7\u00e3o pelo WhatsApp (83) 9 9634.5791, (83) 9 9601-1162.<\/strong><\/p>\n<\/div>\n","protected":false},"excerpt":{"rendered":"<p>A Popula\u00e7\u00e3o da cidade de Ouro Velho, no Cariri paraibano, n\u00e3o sabe o que \u00e9 ter \u00e1gua nas torneiras h\u00e1 mais de uma semana, e&hellip; <\/p>\n","protected":false},"author":2,"featured_media":32664,"comment_status":"closed","ping_status":"closed","sticky":false,"template":"","format":"standard","meta":{"sfsi_plus_gutenberg_text_before_share":"","sfsi_plus_gutenberg_show_text_before_share":"","sfsi_plus_gutenberg_icon_type":"","sfsi_plus_gutenberg_icon_alignemt":"","sfsi_plus_gutenburg_max_per_row":"","footnotes":""},"categories":[6],"tags":[],"class_list":["post-32663","post","type-post","status-publish","format-standard","has-post-thumbnail","hentry","category-cidades"],"_links":{"self":[{"href":"https:\/\/www.caririemacao.com\/1\/wp-json\/wp\/v2\/posts\/32663","targetHints":{"allow":["GET"]}}],"collection":[{"href":"https:\/\/www.caririemacao.com\/1\/wp-json\/wp\/v2\/posts"}],"about":[{"href":"https:\/\/www.caririemacao.com\/1\/wp-json\/wp\/v2\/types\/post"}],"author":[{"embeddable":true,"href":"https:\/\/www.caririemacao.com\/1\/wp-json\/wp\/v2\/users\/2"}],"replies":[{"embeddable":true,"href":"https:\/\/www.caririemacao.com\/1\/wp-json\/wp\/v2\/comments?post=32663"}],"version-history":[{"count":0,"href":"https:\/\/www.caririemacao.com\/1\/wp-json\/wp\/v2\/posts\/32663\/revisions"}],"wp:featuredmedia":[{"embeddable":true,"href":"https:\/\/www.caririemacao.com\/1\/wp-json\/wp\/v2\/media\/32664"}],"wp:attachment":[{"href":"https:\/\/www.caririemacao.com\/1\/wp-json\/wp\/v2\/media?parent=32663"}],"wp:term":[{"taxonomy":"category","embeddable":true,"href":"https:\/\/www.caririemacao.com\/1\/wp-json\/wp\/v2\/categories?post=32663"},{"taxonomy":"post_tag","embeddable":true,"href":"https:\/\/www.caririemacao.com\/1\/wp-json\/wp\/v2\/tags?post=32663"}],"curies":[{"name":"wp","href":"https:\/\/api.w.org\/{rel}","templated":true}]}}