{"id":32673,"date":"2017-11-08T10:48:51","date_gmt":"2017-11-08T13:48:51","guid":{"rendered":"http:\/\/caririemacao.com\/1\/?p=32673"},"modified":"2017-11-08T10:48:51","modified_gmt":"2017-11-08T13:48:51","slug":"temer-reune-meirelles-e-maia-para-retomar-carga-sobre-previdencia","status":"publish","type":"post","link":"https:\/\/www.caririemacao.com\/1\/2017\/11\/08\/temer-reune-meirelles-e-maia-para-retomar-carga-sobre-previdencia\/","title":{"rendered":"Temer re\u00fane Meirelles e Maia para retomar carga sobre Previd\u00eancia"},"content":{"rendered":"<p>Dois dias depois de admitir que a reforma da Previd\u00eancia pode n\u00e3o passar no Congresso, o presidente Michel Temer convocou uma reuni\u00e3o para esta quarta-feira, 8, para definir, junto com o Ministro da Fazenda, Henrique Meirelles, e o presidente da C\u00e2mara, Rodrigo Maia, uma nova estrat\u00e9gia para aprovar a proposta.<\/p>\n<p>Por tr\u00e1s da declara\u00e7\u00e3o de anteontem, 6, do presidente, que foi interpretada como se o governo tivesse &#8220;jogado a toalha&#8221;, h\u00e1 a estrat\u00e9gia do Pal\u00e1cio do Planalto de dividir com a c\u00fapula do Congresso &#8211; sobretudo com Maia &#8211;\u00a0a responsabilidade da aprova\u00e7\u00e3o da proposta.<\/p>\n<p>Ontem, depois de os principais ministros de Temer\u00a0sa\u00edrem em defesa da continuidade do empenho do governo no avan\u00e7o da proposta, o presidente divulgou um v\u00eddeo nas redes sociais em que afirma ter cumprido seu dever ao propor uma reforma ao Congresso que corta privil\u00e9gios. &#8220;Quero transmitir minha ideia de que toda minha energia est\u00e1 voltada para concluir a Reforma da Previd\u00eancia&#8221;, afirmou.<\/p>\n<p>Tamb\u00e9m participar\u00e3o do encontro no Pal\u00e1cio do Planalto nesta manh\u00e3 o secret\u00e1rio de Previd\u00eancia, Marcelo Caetano, o relator da proposta, deputado Arthur Oliveira Maia (PPS-BA), e o deputado Carlos Marun (PMDB\/MS), presidente da comiss\u00e3o especial da mat\u00e9ria e que \u00e9 um dos principais interlocutores do governo no Congresso, apontado como integrante da &#8220;tropa de choque&#8221; de Temer.<\/p>\n<p>Marun tem amanh\u00e3 pelo menos mais uma agenda com o presidente, \u00e0s 15 horas, quando Temer receber\u00e1 junto com o deputado de Mato Grosso um grupo de prefeitos de seu Estado.<\/p>\n<p><strong>Agenda<\/strong><\/p>\n<p>Ao longo do dia, Temer continuar\u00e1 com a agenda aberta para escutar demandas e procurar agendas positivas. \u00c0s 15h30, Temer recebe o deputado Baleia Rossi (PMDB-SP), l\u00edder do PMDB na C\u00e2mara do Deputados, e Henrique Prata, diretor-geral do Hospital do C\u00e2ncer de Barretos. \u00c0s 16h30, recebe o governador do Rio Grande do Sul, Jos\u00e9 Ivo Sartori, com parlamentares da bancada do Estado, que devem pressionar o governo por mais medidas de aux\u00edlio econ\u00f4mico para o Estado, que vive uma grave crise fiscal.<\/p>\n<p>No restante da agenda, que costuma sofrer altera\u00e7\u00f5es no decorrer do dia, h\u00e1 apenas mais um compromisso: \u00e0s 17h30, quando Temer recebe o governador de Sergipe, Jackson Barreto.<\/p>\n<p><strong>CARIRI EM A\u00c7\u00c3O<\/strong><\/p>\n<p><em>Com\u00a0Estad\u00e3o\/Foto:Google\u00a0\u00a0 <\/em><\/p>\n<p><strong>Leia mais not\u00edcias em\u00a0<\/strong><a href=\"http:\/\/www.caririemacao.com\/\"><strong>caririemacao.com<\/strong><\/a><strong>, siga nossa p\u00e1gina no\u00a0<\/strong><a href=\"https:\/\/www.facebook.com\/CaririEmAcao\/?ref=aymt_homepage_panel\"><strong>Facebook<\/strong><\/a>,<strong>\u00a0<\/strong><a href=\"https:\/\/www.instagram.com\/cariri_em_acao\/?hl=pt-br\"><strong>Instagram<\/strong><\/a><strong>\u00a0e <\/strong><a href=\"https:\/\/www.youtube.com\/channel\/UCAptA0jQuYQy8vMhLt2m4qg\"><strong>Youtube<\/strong><\/a><strong>\u00a0e veja nossas mat\u00e9rias, v\u00eddeos e fotos. Voc\u00ea tamb\u00e9m pode enviar informa\u00e7\u00f5es \u00e0 Reda\u00e7\u00e3o do Portal Cariri em A\u00e7\u00e3o pelo WhatsApp (83) 9 9634.5791, (83) 9 9601-1162.<\/strong><\/p>\n","protected":false},"excerpt":{"rendered":"<p>Dois dias depois de admitir que a reforma da Previd\u00eancia pode n\u00e3o passar no Congresso, o presidente Michel Temer convocou uma reuni\u00e3o para esta quarta-feira,&hellip; <\/p>\n","protected":false},"author":2,"featured_media":32674,"comment_status":"closed","ping_status":"closed","sticky":false,"template":"","format":"standard","meta":{"sfsi_plus_gutenberg_text_before_share":"","sfsi_plus_gutenberg_show_text_before_share":"","sfsi_plus_gutenberg_icon_type":"","sfsi_plus_gutenberg_icon_alignemt":"","sfsi_plus_gutenburg_max_per_row":"","footnotes":""},"categories":[11],"tags":[],"class_list":["post-32673","post","type-post","status-publish","format-standard","has-post-thumbnail","hentry","category-politica"],"_links":{"self":[{"href":"https:\/\/www.caririemacao.com\/1\/wp-json\/wp\/v2\/posts\/32673","targetHints":{"allow":["GET"]}}],"collection":[{"href":"https:\/\/www.caririemacao.com\/1\/wp-json\/wp\/v2\/posts"}],"about":[{"href":"https:\/\/www.caririemacao.com\/1\/wp-json\/wp\/v2\/types\/post"}],"author":[{"embeddable":true,"href":"https:\/\/www.caririemacao.com\/1\/wp-json\/wp\/v2\/users\/2"}],"replies":[{"embeddable":true,"href":"https:\/\/www.caririemacao.com\/1\/wp-json\/wp\/v2\/comments?post=32673"}],"version-history":[{"count":0,"href":"https:\/\/www.caririemacao.com\/1\/wp-json\/wp\/v2\/posts\/32673\/revisions"}],"wp:featuredmedia":[{"embeddable":true,"href":"https:\/\/www.caririemacao.com\/1\/wp-json\/wp\/v2\/media\/32674"}],"wp:attachment":[{"href":"https:\/\/www.caririemacao.com\/1\/wp-json\/wp\/v2\/media?parent=32673"}],"wp:term":[{"taxonomy":"category","embeddable":true,"href":"https:\/\/www.caririemacao.com\/1\/wp-json\/wp\/v2\/categories?post=32673"},{"taxonomy":"post_tag","embeddable":true,"href":"https:\/\/www.caririemacao.com\/1\/wp-json\/wp\/v2\/tags?post=32673"}],"curies":[{"name":"wp","href":"https:\/\/api.w.org\/{rel}","templated":true}]}}