{"id":32676,"date":"2017-11-08T10:57:39","date_gmt":"2017-11-08T13:57:39","guid":{"rendered":"http:\/\/caririemacao.com\/1\/?p=32676"},"modified":"2017-11-08T10:57:39","modified_gmt":"2017-11-08T13:57:39","slug":"ricardo-apresenta-cidade-madura-no-forum-estadao","status":"publish","type":"post","link":"https:\/\/www.caririemacao.com\/1\/2017\/11\/08\/ricardo-apresenta-cidade-madura-no-forum-estadao\/","title":{"rendered":"Ricardo apresenta Cidade Madura no F\u00f3rum Estad\u00e3o"},"content":{"rendered":"<p>O governador Ricardo Coutinho participa, nesta quinta-feira (9), do F\u00f3rum Estad\u00e3o \u2013 Moradias para a Longevidade, em S\u00e3o Paulo, quando vai apresentar o Cidade Madura, programa executado pelo Governo da Para\u00edba que consiste na constru\u00e7\u00e3o de um condom\u00ednio exclusivamente para idosos que n\u00e3o possuem moradia pr\u00f3pria. O evento \u00e9 promovido pelo jornal O Estado de S\u00e3o Paulo (Estad\u00e3o), em parceria com o Sindicato da Habita\u00e7\u00e3o de S\u00e3o Paulo (Secovi-SP) e Immaginare, e ser\u00e1 realizado das 8h \u00e0s 17h30, na sede do Secovi-SP, na Vila Clementino \u2013 S\u00e3o Paulo\/SP.<\/p>\n<p>A convite do jornal Estad\u00e3o, o governador Ricardo Coutinho participar\u00e1, das 13h30 \u00e0s 14h30, do debate \u201cPPPs e habita\u00e7\u00f5es econ\u00f4micas para a longevidade\u201d. O painel contar\u00e1 tamb\u00e9m com a participa\u00e7\u00e3o de Rodrigo Garcia, da Secretaria de Estado da Habita\u00e7\u00e3o de S\u00e3o Paulo; e de Fernando Chucre, da Secretaria Municipal de Habita\u00e7\u00e3o da Prefeitura de S\u00e3o Paulo.<\/p>\n<p>Durante todo dia,\u00a0profissionais\u00a0que se dedicam a pensar, planejar e construir habita\u00e7\u00f5es para idosos v\u00e3o discutir o futuro da habita\u00e7\u00e3o para esse p\u00fablico e os mais\u00a0inovadores\u00a0projetos residenciais do g\u00eanero no Brasil, nos Estados Unidos e na Europa, entre os quais o Cidade Madura, que desde sua implanta\u00e7\u00e3o vem\u00a0ganhando\u00a0destaque nacional e conquistou o Selo M\u00e9rito 2015, uma premia\u00e7\u00e3o da Associa\u00e7\u00e3o Brasileira de Cohabs e Agentes P\u00fablicos de Habita\u00e7\u00e3o (ABC) e do F\u00f3rum Nacional de Secret\u00e1rios de Habita\u00e7\u00e3o e Desenvolvimento Urbano.<\/p>\n<p>De 2014 at\u00e9 agora, o Governo do Estado j\u00e1 construiu quatro condom\u00ednios \u2013 Jo\u00e3o Pessoa, Campina Grande, Guarabira e Cajazeiras \u2013, representando um investimento de mais de R$ 18 milh\u00f5es. At\u00e9 o fim de dezembro, dever\u00e1 ser entregue o Cidade Madura de Sousa. O da cidade de Patos j\u00e1 est\u00e1 em processo de licita\u00e7\u00e3o.<\/p>\n<p>O Cidade Madura conta com 40 unidades habitacionais (com \u00e1rea de 54m\u00b2 cada) totalmente adaptadas \u00e0s necessidades das pessoas idosas, como barras de apoio no banheiro e rampas de acesso. O residencial possui tamb\u00e9m guarita de vigil\u00e2ncia, uma pra\u00e7a, pista de caminhada, red\u00e1rio, equipamentos para gin\u00e1stica, sala de atendimento m\u00e9dico, centro de viv\u00eancia e uma horta comunit\u00e1ria. A \u00e1rea \u00e9 toda urbanizada dentro das normas de acessibilidade.<\/p>\n<p><strong>CARIRI EM A\u00c7\u00c3O<\/strong><\/p>\n<p><em>Com Ascom\/Foto: Google\u00a0\u00a0 <\/em><\/p>\n<p><strong>Leia mais not\u00edcias em\u00a0<\/strong><a href=\"http:\/\/www.caririemacao.com\/\"><strong>caririemacao.com<\/strong><\/a><strong>, siga nossa p\u00e1gina no\u00a0<\/strong><a href=\"https:\/\/www.facebook.com\/CaririEmAcao\/?ref=aymt_homepage_panel\"><strong>Facebook<\/strong><\/a>,<strong>\u00a0<\/strong><a href=\"https:\/\/www.instagram.com\/cariri_em_acao\/?hl=pt-br\"><strong>Instagram<\/strong><\/a><strong>\u00a0e <\/strong><a href=\"https:\/\/www.youtube.com\/channel\/UCAptA0jQuYQy8vMhLt2m4qg\"><strong>Youtube<\/strong><\/a><strong>\u00a0e veja nossas mat\u00e9rias, v\u00eddeos e fotos. Voc\u00ea tamb\u00e9m pode enviar informa\u00e7\u00f5es \u00e0 Reda\u00e7\u00e3o do Portal Cariri em A\u00e7\u00e3o pelo WhatsApp (83) 9 9634.5791, (83) 9 9601-1162.<\/strong><\/p>\n","protected":false},"excerpt":{"rendered":"<p>O governador Ricardo Coutinho participa, nesta quinta-feira (9), do F\u00f3rum Estad\u00e3o \u2013 Moradias para a Longevidade, em S\u00e3o Paulo, quando vai apresentar o Cidade Madura,&hellip; <\/p>\n","protected":false},"author":2,"featured_media":32677,"comment_status":"closed","ping_status":"closed","sticky":false,"template":"","format":"standard","meta":{"sfsi_plus_gutenberg_text_before_share":"","sfsi_plus_gutenberg_show_text_before_share":"","sfsi_plus_gutenberg_icon_type":"","sfsi_plus_gutenberg_icon_alignemt":"","sfsi_plus_gutenburg_max_per_row":"","footnotes":""},"categories":[11],"tags":[],"class_list":["post-32676","post","type-post","status-publish","format-standard","has-post-thumbnail","hentry","category-politica"],"_links":{"self":[{"href":"https:\/\/www.caririemacao.com\/1\/wp-json\/wp\/v2\/posts\/32676","targetHints":{"allow":["GET"]}}],"collection":[{"href":"https:\/\/www.caririemacao.com\/1\/wp-json\/wp\/v2\/posts"}],"about":[{"href":"https:\/\/www.caririemacao.com\/1\/wp-json\/wp\/v2\/types\/post"}],"author":[{"embeddable":true,"href":"https:\/\/www.caririemacao.com\/1\/wp-json\/wp\/v2\/users\/2"}],"replies":[{"embeddable":true,"href":"https:\/\/www.caririemacao.com\/1\/wp-json\/wp\/v2\/comments?post=32676"}],"version-history":[{"count":0,"href":"https:\/\/www.caririemacao.com\/1\/wp-json\/wp\/v2\/posts\/32676\/revisions"}],"wp:featuredmedia":[{"embeddable":true,"href":"https:\/\/www.caririemacao.com\/1\/wp-json\/wp\/v2\/media\/32677"}],"wp:attachment":[{"href":"https:\/\/www.caririemacao.com\/1\/wp-json\/wp\/v2\/media?parent=32676"}],"wp:term":[{"taxonomy":"category","embeddable":true,"href":"https:\/\/www.caririemacao.com\/1\/wp-json\/wp\/v2\/categories?post=32676"},{"taxonomy":"post_tag","embeddable":true,"href":"https:\/\/www.caririemacao.com\/1\/wp-json\/wp\/v2\/tags?post=32676"}],"curies":[{"name":"wp","href":"https:\/\/api.w.org\/{rel}","templated":true}]}}