{"id":32679,"date":"2017-11-08T10:59:40","date_gmt":"2017-11-08T13:59:40","guid":{"rendered":"http:\/\/caririemacao.com\/1\/?p=32679"},"modified":"2017-11-08T10:59:40","modified_gmt":"2017-11-08T13:59:40","slug":"procuradoria-da-republica-diz-que-lei-proibindo-uber-fere-a-constituicao","status":"publish","type":"post","link":"https:\/\/www.caririemacao.com\/1\/2017\/11\/08\/procuradoria-da-republica-diz-que-lei-proibindo-uber-fere-a-constituicao\/","title":{"rendered":"Procuradoria da rep\u00fablica diz que lei proibindo Uber fere a Constitui\u00e7\u00e3o"},"content":{"rendered":"<section class=\"l-noticia\">A Procuradora-Geral da Rep\u00fablica, Raquel Dodge concluiu ser inconstitucional a Lei Municipal n\u00ba 10.553\/16, de Fortaleza (CE), em que o Munic\u00edpio pro\u00edbe o transporte individual de passageiros realizados por aplicativos, como Uber, 99 e outros. O parecer de Dodge foi enviado ao Supremo Tribunal Federal (STF), no \u00e2mbito da Argui\u00e7\u00e3o de Descumprimento de Preceito Fundamental 449 (ADPF 449), ajuizada pelo PSL (partido que est\u00e1 mudando seu nome para Livres).<\/p>\n<p>A PGR defendeu que a lei municipal fere a compet\u00eancia da Uni\u00e3o para legislar sobre tr\u00e2nsito e transporte. E ainda v\u00ea desrespeito aos princ\u00edpios constitucionais de liberdade, livre iniciativa e concorr\u00eancia e defesa do consumidor, na regra de Fortaleza que pro\u00edbe essa modalidade transporte alternativo.<\/p>\n<p>O parecer tamb\u00e9m contesta o trecho do texto da Lei 10.553\/16, que define o servi\u00e7o oferecido por empresas como o Uber como \u201ctransporte p\u00fablico individual de passageiros\u201d. No entendimento do MPF, trata-se de \u201ctransporte individual privado organizado por aplicativo\u201d.<\/p>\n<p>\u201cApenas lei Federal pode interferir sobre o transporte privado individual de passageiros organizado por aplicativos online como atividade de interesse p\u00fablico\u201d, diz um trecho do parecer.Na a\u00e7\u00e3o ajuizada pelo PSL-Livres junto ao STF, em abril deste ano, o partido pede a declara\u00e7\u00e3o de inconstitucionalidade justificando que a legisla\u00e7\u00e3o de Fortaleza ignorou a distin\u00e7\u00e3o entre transporte individual p\u00fablico e privado. O partido tamb\u00e9m solicita ao Supremo que a decis\u00e3o tenha car\u00e1ter vinculante, passando, dessa forma, a valer para todos os casos semelhantes no pa\u00eds.\u201cA proibi\u00e7\u00e3o do exerc\u00edcio da atividade de transporte privado individual por aplicativos de intermedia\u00e7\u00e3o, como o Uber, n\u00e3o pode prosperar por se dar ao arrepio da observ\u00e2ncia \u00e0s normas constitucionais da livre iniciativa, liberdade de trabalho, livre concorr\u00eancia, valor social do trabalho e busca do pleno emprego\u201d, diz um trecho da a\u00e7\u00e3o do PSL-Livres.<\/p>\n<p>Leia mais no\u00a0A Procuradora-Geral da Rep\u00fablica, Raquel Dodge concluiu ser inconstitucional a Lei Municipal n\u00ba 10.553\/16, de Fortaleza (CE), em que o Munic\u00edpio pro\u00edbe o transporte individual de passageiros realizados por aplicativos, como Uber, 99 e outros. O parecer de Dodge foi enviado ao Supremo Tribunal Federal (STF), no \u00e2mbito da Argui\u00e7\u00e3o de Descumprimento de Preceito Fundamental 449 (ADPF 449), ajuizada pelo PSL (partido que est\u00e1 mudando seu nome para Livres).<\/p>\n<p>A PGR defendeu que a lei municipal fere a compet\u00eancia da Uni\u00e3o para legislar sobre tr\u00e2nsito e transporte. E ainda v\u00ea desrespeito aos princ\u00edpios constitucionais de liberdade, livre iniciativa e concorr\u00eancia e defesa do consumidor, na regra de Fortaleza que pro\u00edbe essa modalidade transporte alternativo.<\/p>\n<p>O parecer tamb\u00e9m contesta o trecho do texto da Lei 10.553\/16, que define o servi\u00e7o oferecido por empresas como o Uber como \u201ctransporte p\u00fablico individual de passageiros\u201d. No entendimento do MPF, trata-se de \u201ctransporte individual privado organizado por aplicativo\u201d.<\/p>\n<p>\u201cApenas lei Federal pode interferir sobre o transporte privado individual de passageiros organizado por aplicativos online como atividade de interesse p\u00fablico\u201d, diz um trecho do parecer.Na a\u00e7\u00e3o ajuizada pelo PSL-Livres junto ao STF, em abril deste ano, o partido pede a declara\u00e7\u00e3o de inconstitucionalidade justificando que a legisla\u00e7\u00e3o de Fortaleza ignorou a distin\u00e7\u00e3o entre transporte individual p\u00fablico e privado. O partido tamb\u00e9m solicita ao Supremo que a decis\u00e3o tenha car\u00e1ter vinculante, passando, dessa forma, a valer para todos os casos semelhantes no pa\u00eds.\u201cA proibi\u00e7\u00e3o do exerc\u00edcio da atividade de transporte privado individual por aplicativos de intermedia\u00e7\u00e3o, como o Uber, n\u00e3o pode prosperar por se dar ao arrepio da observ\u00e2ncia \u00e0s normas constitucionais da livre iniciativa, liberdade de trabalho, livre concorr\u00eancia, valor social do trabalho e busca do pleno emprego\u201d, diz um trecho da a\u00e7\u00e3o do PSL-Livres.<\/p>\n<p><strong>CARIRI EM A\u00c7\u00c3O<\/strong><\/p>\n<p><em>Com Pol\u00eamica PB\/Foto: Google\u00a0\u00a0 <\/em><\/p>\n<p><strong>Leia mais not\u00edcias em\u00a0<\/strong><a href=\"http:\/\/www.caririemacao.com\/\"><strong>caririemacao.com<\/strong><\/a><strong>, siga nossa p\u00e1gina no\u00a0<\/strong><a href=\"https:\/\/www.facebook.com\/CaririEmAcao\/?ref=aymt_homepage_panel\"><strong>Facebook<\/strong><\/a>,<strong>\u00a0<\/strong><a href=\"https:\/\/www.instagram.com\/cariri_em_acao\/?hl=pt-br\"><strong>Instagram<\/strong><\/a><strong>\u00a0e <\/strong><a href=\"https:\/\/www.youtube.com\/channel\/UCAptA0jQuYQy8vMhLt2m4qg\"><strong>Youtube<\/strong><\/a><strong>\u00a0e veja nossas mat\u00e9rias, v\u00eddeos e fotos. Voc\u00ea tamb\u00e9m pode enviar informa\u00e7\u00f5es \u00e0 Reda\u00e7\u00e3o do Portal Cariri em A\u00e7\u00e3o pelo WhatsApp (83) 9 9634.5791, (83) 9 9601-1162.<\/strong><\/p>\n<\/section>\n","protected":false},"excerpt":{"rendered":"<p>A Procuradora-Geral da Rep\u00fablica, Raquel Dodge concluiu ser inconstitucional a Lei Municipal n\u00ba 10.553\/16, de Fortaleza (CE), em que o Munic\u00edpio pro\u00edbe o transporte individual&hellip; <\/p>\n","protected":false},"author":2,"featured_media":28293,"comment_status":"closed","ping_status":"closed","sticky":false,"template":"","format":"standard","meta":{"sfsi_plus_gutenberg_text_before_share":"","sfsi_plus_gutenberg_show_text_before_share":"","sfsi_plus_gutenberg_icon_type":"","sfsi_plus_gutenberg_icon_alignemt":"","sfsi_plus_gutenburg_max_per_row":"","footnotes":""},"categories":[11],"tags":[],"class_list":["post-32679","post","type-post","status-publish","format-standard","has-post-thumbnail","hentry","category-politica"],"_links":{"self":[{"href":"https:\/\/www.caririemacao.com\/1\/wp-json\/wp\/v2\/posts\/32679","targetHints":{"allow":["GET"]}}],"collection":[{"href":"https:\/\/www.caririemacao.com\/1\/wp-json\/wp\/v2\/posts"}],"about":[{"href":"https:\/\/www.caririemacao.com\/1\/wp-json\/wp\/v2\/types\/post"}],"author":[{"embeddable":true,"href":"https:\/\/www.caririemacao.com\/1\/wp-json\/wp\/v2\/users\/2"}],"replies":[{"embeddable":true,"href":"https:\/\/www.caririemacao.com\/1\/wp-json\/wp\/v2\/comments?post=32679"}],"version-history":[{"count":0,"href":"https:\/\/www.caririemacao.com\/1\/wp-json\/wp\/v2\/posts\/32679\/revisions"}],"wp:featuredmedia":[{"embeddable":true,"href":"https:\/\/www.caririemacao.com\/1\/wp-json\/wp\/v2\/media\/28293"}],"wp:attachment":[{"href":"https:\/\/www.caririemacao.com\/1\/wp-json\/wp\/v2\/media?parent=32679"}],"wp:term":[{"taxonomy":"category","embeddable":true,"href":"https:\/\/www.caririemacao.com\/1\/wp-json\/wp\/v2\/categories?post=32679"},{"taxonomy":"post_tag","embeddable":true,"href":"https:\/\/www.caririemacao.com\/1\/wp-json\/wp\/v2\/tags?post=32679"}],"curies":[{"name":"wp","href":"https:\/\/api.w.org\/{rel}","templated":true}]}}