{"id":32687,"date":"2017-11-08T13:38:02","date_gmt":"2017-11-08T16:38:02","guid":{"rendered":"http:\/\/caririemacao.com\/1\/?p=32687"},"modified":"2017-11-08T13:47:34","modified_gmt":"2017-11-08T16:47:34","slug":"prefeitura-de-sume-constroi-cisternas-nas-escolas-da-zona-rural","status":"publish","type":"post","link":"https:\/\/www.caririemacao.com\/1\/2017\/11\/08\/prefeitura-de-sume-constroi-cisternas-nas-escolas-da-zona-rural\/","title":{"rendered":"Prefeitura de Sum\u00e9 constr\u00f3i cisternas nas escolas da zona rural"},"content":{"rendered":"<p>A Prefeitura de Sum\u00e9 em parceria com a Articula\u00e7\u00e3o do Semi\u00e1rido Brasileiro (ASA) e o Programa de Aplica\u00e7\u00e3o de Tecnologias Apropriadas (PATAC) est\u00e3o construindo seis cisternas nas escolas da zona rural do munic\u00edpio, sendo contempladas as unidades de ensino do Pio X, Concei\u00e7\u00e3o, Pitombeira, Po\u00e7o da Pedra, Carna\u00faba e Assentamento Mandacaru.<\/p>\n<p>As cisternas tem capacidade de armazenamento de 52 mil litros de \u00e1gua da chuva e as constru\u00e7\u00f5es est\u00e3o sendo acompanhadas pelo PATAC.<\/p>\n<p style=\"text-align: center;\"><a href=\"http:\/\/caririemacao.com\/1\/wp-content\/uploads\/2017\/11\/thumbnail_IMG-20171108-WA0012.jpg\"><img fetchpriority=\"high\" decoding=\"async\" class=\"alignnone size-medium wp-image-32690\" src=\"http:\/\/caririemacao.com\/1\/wp-content\/uploads\/2017\/11\/thumbnail_IMG-20171108-WA0012-300x168.jpg\" alt=\"\" width=\"300\" height=\"168\" srcset=\"https:\/\/www.caririemacao.com\/1\/wp-content\/uploads\/2017\/11\/thumbnail_IMG-20171108-WA0012-300x168.jpg 300w, https:\/\/www.caririemacao.com\/1\/wp-content\/uploads\/2017\/11\/thumbnail_IMG-20171108-WA0012-768x431.jpg 768w, https:\/\/www.caririemacao.com\/1\/wp-content\/uploads\/2017\/11\/thumbnail_IMG-20171108-WA0012-1024x575.jpg 1024w, https:\/\/www.caririemacao.com\/1\/wp-content\/uploads\/2017\/11\/thumbnail_IMG-20171108-WA0012-800x445.jpg 800w, https:\/\/www.caririemacao.com\/1\/wp-content\/uploads\/2017\/11\/thumbnail_IMG-20171108-WA0012.jpg 1040w\" sizes=\"(max-width: 300px) 100vw, 300px\" \/><\/a><\/p>\n<p>Al\u00e9m da constru\u00e7\u00e3o das cisternas, o programa tamb\u00e9m contempla a forma\u00e7\u00e3o para merendeiras, auxiliares e educadores das escolas, al\u00e9m de levar uma proposta de discutir o direito \u00e0 \u00e1gua de qualidade e o uso sustent\u00e1vel.<\/p>\n<p><a href=\"http:\/\/caririemacao.com\/1\/wp-content\/uploads\/2017\/11\/thumbnail_IMG-20171108-WA0010.jpg\"><img decoding=\"async\" class=\"size-medium wp-image-32689 aligncenter lazyload\" data-src=\"http:\/\/caririemacao.com\/1\/wp-content\/uploads\/2017\/11\/thumbnail_IMG-20171108-WA0010-300x168.jpg\" alt=\"\" width=\"300\" height=\"168\" data-srcset=\"https:\/\/www.caririemacao.com\/1\/wp-content\/uploads\/2017\/11\/thumbnail_IMG-20171108-WA0010-300x168.jpg 300w, https:\/\/www.caririemacao.com\/1\/wp-content\/uploads\/2017\/11\/thumbnail_IMG-20171108-WA0010-768x431.jpg 768w, https:\/\/www.caririemacao.com\/1\/wp-content\/uploads\/2017\/11\/thumbnail_IMG-20171108-WA0010-1024x575.jpg 1024w, https:\/\/www.caririemacao.com\/1\/wp-content\/uploads\/2017\/11\/thumbnail_IMG-20171108-WA0010-800x445.jpg 800w, https:\/\/www.caririemacao.com\/1\/wp-content\/uploads\/2017\/11\/thumbnail_IMG-20171108-WA0010.jpg 1040w\" data-sizes=\"(max-width: 300px) 100vw, 300px\" src=\"data:image\/svg+xml;base64,PHN2ZyB3aWR0aD0iMSIgaGVpZ2h0PSIxIiB4bWxucz0iaHR0cDovL3d3dy53My5vcmcvMjAwMC9zdmciPjwvc3ZnPg==\" style=\"--smush-placeholder-width: 300px; --smush-placeholder-aspect-ratio: 300\/168;\" \/><\/a><\/p>\n<p>Sum\u00e9 foi escolhido para receber tamb\u00e9m outros munic\u00edpios contemplados da regi\u00e3o do Cariri para a forma\u00e7\u00e3o do primeiro m\u00f3dulo do projeto que aconteceu em julho e recebeu 80 participantes. O segundo m\u00f3dulo aconteceu em setembro e em seguida foram iniciadas as escava\u00e7\u00f5es das cisternas.<\/p>\n<p>O \u00faltimo m\u00f3dulo da forma\u00e7\u00e3o est\u00e1 planejado para os dias 5 e 6 de dezembro, quando tamb\u00e9m ser\u00e3o realizadas a entrega das cisternas \u00e0s escolas no Munic\u00edpio de Sum\u00e9.<\/p>\n<p><strong>CARIRI EM A\u00c7\u00c3O<\/strong><\/p>\n<p>Ascom<\/p>\n<p><strong>\u00a0<\/strong><strong>Leia mais not\u00edcias em\u00a0<\/strong><a style=\"font-style: inherit; font-weight: inherit;\" href=\"http:\/\/www.caririemacao.com\/\"><strong style=\"font-style: inherit;\">caririemacao.com<\/strong><\/a><strong style=\"font-style: inherit;\">, siga nossa p\u00e1gina no\u00a0<\/strong><a style=\"font-style: inherit; font-weight: inherit;\" href=\"https:\/\/www.facebook.com\/CaririEmAcao\/?ref=aymt_homepage_panel\"><strong style=\"font-style: inherit;\">Facebook<\/strong><\/a>,<strong style=\"font-style: inherit;\">\u00a0<\/strong><a style=\"font-style: inherit; font-weight: inherit;\" href=\"https:\/\/www.instagram.com\/cariri_em_acao\/?hl=pt-br\"><strong style=\"font-style: inherit;\">Instagram<\/strong><\/a><strong style=\"font-style: inherit;\">\u00a0e\u00a0<\/strong><a style=\"font-style: inherit; font-weight: inherit;\" href=\"https:\/\/www.youtube.com\/channel\/UCAptA0jQuYQy8vMhLt2m4qg\"><strong style=\"font-style: inherit;\">Youtube<\/strong><\/a><strong style=\"font-style: inherit;\">\u00a0e veja nossas mat\u00e9rias, v\u00eddeos e fotos. Voc\u00ea tamb\u00e9m pode enviar informa\u00e7\u00f5es \u00e0 Reda\u00e7\u00e3o do Portal Cariri em A\u00e7\u00e3o pelo WhatsApp (83) 9 9634.5791, (83) 9 9601-1162.<\/strong><\/p>\n","protected":false},"excerpt":{"rendered":"<p>A Prefeitura de Sum\u00e9 em parceria com a Articula\u00e7\u00e3o do Semi\u00e1rido Brasileiro (ASA) e o Programa de Aplica\u00e7\u00e3o de Tecnologias Apropriadas (PATAC) est\u00e3o construindo seis&hellip; <\/p>\n","protected":false},"author":2,"featured_media":32688,"comment_status":"closed","ping_status":"closed","sticky":false,"template":"","format":"standard","meta":{"sfsi_plus_gutenberg_text_before_share":"","sfsi_plus_gutenberg_show_text_before_share":"","sfsi_plus_gutenberg_icon_type":"","sfsi_plus_gutenberg_icon_alignemt":"","sfsi_plus_gutenburg_max_per_row":"","footnotes":""},"categories":[6],"tags":[],"class_list":["post-32687","post","type-post","status-publish","format-standard","has-post-thumbnail","hentry","category-cidades"],"_links":{"self":[{"href":"https:\/\/www.caririemacao.com\/1\/wp-json\/wp\/v2\/posts\/32687","targetHints":{"allow":["GET"]}}],"collection":[{"href":"https:\/\/www.caririemacao.com\/1\/wp-json\/wp\/v2\/posts"}],"about":[{"href":"https:\/\/www.caririemacao.com\/1\/wp-json\/wp\/v2\/types\/post"}],"author":[{"embeddable":true,"href":"https:\/\/www.caririemacao.com\/1\/wp-json\/wp\/v2\/users\/2"}],"replies":[{"embeddable":true,"href":"https:\/\/www.caririemacao.com\/1\/wp-json\/wp\/v2\/comments?post=32687"}],"version-history":[{"count":0,"href":"https:\/\/www.caririemacao.com\/1\/wp-json\/wp\/v2\/posts\/32687\/revisions"}],"wp:featuredmedia":[{"embeddable":true,"href":"https:\/\/www.caririemacao.com\/1\/wp-json\/wp\/v2\/media\/32688"}],"wp:attachment":[{"href":"https:\/\/www.caririemacao.com\/1\/wp-json\/wp\/v2\/media?parent=32687"}],"wp:term":[{"taxonomy":"category","embeddable":true,"href":"https:\/\/www.caririemacao.com\/1\/wp-json\/wp\/v2\/categories?post=32687"},{"taxonomy":"post_tag","embeddable":true,"href":"https:\/\/www.caririemacao.com\/1\/wp-json\/wp\/v2\/tags?post=32687"}],"curies":[{"name":"wp","href":"https:\/\/api.w.org\/{rel}","templated":true}]}}