{"id":32698,"date":"2017-11-08T21:50:06","date_gmt":"2017-11-09T00:50:06","guid":{"rendered":"http:\/\/caririemacao.com\/1\/?p=32698"},"modified":"2017-11-08T21:50:06","modified_gmt":"2017-11-09T00:50:06","slug":"fugitivo-da-cadeia-de-serra-branca-e-recuperado-na-zona-rural-do-congo","status":"publish","type":"post","link":"https:\/\/www.caririemacao.com\/1\/2017\/11\/08\/fugitivo-da-cadeia-de-serra-branca-e-recuperado-na-zona-rural-do-congo\/","title":{"rendered":"Fugitivo da cadeia de Serra Branca \u00e9 recuperado na zona rural do Congo"},"content":{"rendered":"<p>O apenado Edglei Palmeira Dias, vulgo Coquinho, natural de Serra Branca, foi recapturado pela Pol\u00edcia Militar na zona rural do Congo. Coquinho \u00e9 um velho conhecido da pol\u00edcia na arte de fugir e da \u00faltima vez ele conseguiu fugar da Cadeia P\u00fablica de Tabira em Pernambuco.<\/p>\n<p>Coquinho fugiu no \u00faltimo dia 21 de setembro e era procurado at\u00e9 ent\u00e3o pelas autoridades de seguran\u00e7a. A captura foi feita por policiais do Congo e Cara\u00fabas em a\u00e7\u00e3o realizada num bar da zona rural do Congo.<\/p>\n<p>Ele ainda possui um hist\u00f3rico de outras fugas nos pres\u00eddios de Serra Branca-PB, Canhotinho-PE e Monteiro-PB. Em agosto de 2016, Coquinho foi preso ap\u00f3s uma tentativa de homic\u00eddio a golpes de trincha em Serra Branca.<\/p>\n<p><strong>CARIRI EM A\u00c7\u00c3O<\/strong><\/p>\n<p><em>Com De Olho no Cariri\/Foto: Reprodu\u00e7\u00e3o\u00a0\u00a0<\/em><\/p>\n<p><strong>Leia mais not\u00edcias em\u00a0<\/strong><a href=\"http:\/\/www.caririemacao.com\/\"><strong>caririemacao.com<\/strong><\/a><strong>, siga nossa p\u00e1gina no\u00a0<\/strong><a href=\"https:\/\/www.facebook.com\/CaririEmAcao\/?ref=aymt_homepage_panel\"><strong>Facebook<\/strong><\/a>,<strong>\u00a0<\/strong><a href=\"https:\/\/www.instagram.com\/cariri_em_acao\/?hl=pt-br\"><strong>Instagram<\/strong><\/a><strong>\u00a0e <\/strong><a href=\"https:\/\/www.youtube.com\/channel\/UCAptA0jQuYQy8vMhLt2m4qg\"><strong>Youtube<\/strong><\/a><strong>\u00a0e veja nossas mat\u00e9rias, v\u00eddeos e fotos. Voc\u00ea tamb\u00e9m pode enviar informa\u00e7\u00f5es \u00e0 Reda\u00e7\u00e3o do Portal Cariri em A\u00e7\u00e3o pelo WhatsApp (83) 9 9634.5791, (83) 9 9601-1162.<\/strong><\/p>\n<p>&nbsp;<\/p>\n","protected":false},"excerpt":{"rendered":"<p>O apenado Edglei Palmeira Dias, vulgo Coquinho, natural de Serra Branca, foi recapturado pela Pol\u00edcia Militar na zona rural do Congo. Coquinho \u00e9 um velho&hellip; <\/p>\n","protected":false},"author":2,"featured_media":32699,"comment_status":"closed","ping_status":"closed","sticky":false,"template":"","format":"standard","meta":{"sfsi_plus_gutenberg_text_before_share":"","sfsi_plus_gutenberg_show_text_before_share":"","sfsi_plus_gutenberg_icon_type":"","sfsi_plus_gutenberg_icon_alignemt":"","sfsi_plus_gutenburg_max_per_row":"","footnotes":""},"categories":[12],"tags":[],"class_list":["post-32698","post","type-post","status-publish","format-standard","has-post-thumbnail","hentry","category-policia"],"_links":{"self":[{"href":"https:\/\/www.caririemacao.com\/1\/wp-json\/wp\/v2\/posts\/32698","targetHints":{"allow":["GET"]}}],"collection":[{"href":"https:\/\/www.caririemacao.com\/1\/wp-json\/wp\/v2\/posts"}],"about":[{"href":"https:\/\/www.caririemacao.com\/1\/wp-json\/wp\/v2\/types\/post"}],"author":[{"embeddable":true,"href":"https:\/\/www.caririemacao.com\/1\/wp-json\/wp\/v2\/users\/2"}],"replies":[{"embeddable":true,"href":"https:\/\/www.caririemacao.com\/1\/wp-json\/wp\/v2\/comments?post=32698"}],"version-history":[{"count":0,"href":"https:\/\/www.caririemacao.com\/1\/wp-json\/wp\/v2\/posts\/32698\/revisions"}],"wp:featuredmedia":[{"embeddable":true,"href":"https:\/\/www.caririemacao.com\/1\/wp-json\/wp\/v2\/media\/32699"}],"wp:attachment":[{"href":"https:\/\/www.caririemacao.com\/1\/wp-json\/wp\/v2\/media?parent=32698"}],"wp:term":[{"taxonomy":"category","embeddable":true,"href":"https:\/\/www.caririemacao.com\/1\/wp-json\/wp\/v2\/categories?post=32698"},{"taxonomy":"post_tag","embeddable":true,"href":"https:\/\/www.caririemacao.com\/1\/wp-json\/wp\/v2\/tags?post=32698"}],"curies":[{"name":"wp","href":"https:\/\/api.w.org\/{rel}","templated":true}]}}