{"id":32701,"date":"2017-11-08T23:14:39","date_gmt":"2017-11-09T02:14:39","guid":{"rendered":"http:\/\/caririemacao.com\/1\/?p=32701"},"modified":"2017-11-13T15:31:20","modified_gmt":"2017-11-13T18:31:20","slug":"camara-de-caraubas-realiza-sessao-ordinaria","status":"publish","type":"post","link":"https:\/\/www.caririemacao.com\/1\/2017\/11\/08\/camara-de-caraubas-realiza-sessao-ordinaria\/","title":{"rendered":"C\u00e2mara de Cara\u00fabas realiza sess\u00e3o ordin\u00e1ria"},"content":{"rendered":"<p>A C\u00e2mara Municipal de Cara\u00fabas se reuniu na noite desta ter\u00e7a-feira (07) para mais uma importante sess\u00e3o ordin\u00e1ria, onde foram debatidos v\u00e1rios assuntos de interesse da popula\u00e7\u00e3o do munic\u00edpio de Cara\u00fabas. Os trabalhos da sess\u00e3o foram presididos pelo vereador Renivan Neves.<\/p>\n<p><img fetchpriority=\"high\" decoding=\"async\" class=\"aligncenter wp-image-32706 size-full\" src=\"http:\/\/caririemacao.com\/1\/wp-content\/uploads\/2017\/11\/cats-2.jpg\" alt=\"\" width=\"700\" height=\"420\" srcset=\"https:\/\/www.caririemacao.com\/1\/wp-content\/uploads\/2017\/11\/cats-2.jpg 700w, https:\/\/www.caririemacao.com\/1\/wp-content\/uploads\/2017\/11\/cats-2-300x180.jpg 300w\" sizes=\"(max-width: 700px) 100vw, 700px\" \/><\/p>\n<p>Na oportunidade, estiveram participando da sess\u00e3o os atuais secret\u00e1rios de agricultura, Rone Feitoza, e de educa\u00e7\u00e3o, Gracilene Aquino, e o ex-secret\u00e1rio de a\u00e7\u00e3o social, que vieram prestar contas e alguns esclarecimentos sobre a gest\u00e3o das secretarias.<\/p>\n<p><img decoding=\"async\" class=\"aligncenter wp-image-32704 size-full lazyload\" data-src=\"http:\/\/caririemacao.com\/1\/wp-content\/uploads\/2017\/11\/cats-03.jpg\" alt=\"\" width=\"700\" height=\"400\" data-srcset=\"https:\/\/www.caririemacao.com\/1\/wp-content\/uploads\/2017\/11\/cats-03.jpg 700w, https:\/\/www.caririemacao.com\/1\/wp-content\/uploads\/2017\/11\/cats-03-300x171.jpg 300w\" data-sizes=\"(max-width: 700px) 100vw, 700px\" src=\"data:image\/svg+xml;base64,PHN2ZyB3aWR0aD0iMSIgaGVpZ2h0PSIxIiB4bWxucz0iaHR0cDovL3d3dy53My5vcmcvMjAwMC9zdmciPjwvc3ZnPg==\" style=\"--smush-placeholder-width: 700px; --smush-placeholder-aspect-ratio: 700\/400;\" \/><\/p>\n<p>Ainda durante a sess\u00e3o, os vereadores Nero, Nerivan e o vereador Bazoca foram \u00e0 tribuna para informar a popula\u00e7\u00e3o de Cara\u00fabas que nos pr\u00f3ximos dias o munic\u00edpio estar\u00e1 sendo atendido por uma nova cobertura do sinal de telefonia m\u00f3vel. Segundo o vereador Bazoca, a nova operadora j\u00e1 est\u00e1 com a equipe t\u00e9cnica no munic\u00edpio realizando estudos para fazer a instala\u00e7\u00e3o da nova torre que vai fornecer o sinal da operadora Vivo e atender\u00e1 uma um raio de 30 km, contemplando as cidades de Cara\u00fabas, S\u00e3o Domingos do Cariri e Congo.<\/p>\n<p><img decoding=\"async\" class=\"aligncenter wp-image-32705 size-full lazyload\" data-src=\"http:\/\/caririemacao.com\/1\/wp-content\/uploads\/2017\/11\/cats.jpg\" alt=\"\" width=\"700\" height=\"400\" data-srcset=\"https:\/\/www.caririemacao.com\/1\/wp-content\/uploads\/2017\/11\/cats.jpg 700w, https:\/\/www.caririemacao.com\/1\/wp-content\/uploads\/2017\/11\/cats-300x171.jpg 300w\" data-sizes=\"(max-width: 700px) 100vw, 700px\" src=\"data:image\/svg+xml;base64,PHN2ZyB3aWR0aD0iMSIgaGVpZ2h0PSIxIiB4bWxucz0iaHR0cDovL3d3dy53My5vcmcvMjAwMC9zdmciPjwvc3ZnPg==\" style=\"--smush-placeholder-width: 700px; --smush-placeholder-aspect-ratio: 700\/400;\" \/><\/p>\n<p>Os vereadores Neide Fernandes e Nero tamb\u00e9m utilizaram a tribuna para agradecer a vota\u00e7\u00e3o recebida na pesquisa do Pr\u00eamio Refer\u00eancia realizada no munic\u00edpio, onde os parlamentares foram escolhidos, juntamente com os vereadores Renivan, os tr\u00eas vereadores mais atuantes do ano de 2017 em Cara\u00fabas.<\/p>\n<p><a href=\"http:\/\/caririemacao.com\/1\/wp-content\/uploads\/2017\/11\/DSC_0005-1.jpg\"><img decoding=\"async\" class=\"alignnone wp-image-32709 size-full lazyload\" data-src=\"http:\/\/caririemacao.com\/1\/wp-content\/uploads\/2017\/11\/DSC_0005-1.jpg\" alt=\"\" width=\"800\" height=\"533\" data-srcset=\"https:\/\/www.caririemacao.com\/1\/wp-content\/uploads\/2017\/11\/DSC_0005-1.jpg 800w, https:\/\/www.caririemacao.com\/1\/wp-content\/uploads\/2017\/11\/DSC_0005-1-300x200.jpg 300w, https:\/\/www.caririemacao.com\/1\/wp-content\/uploads\/2017\/11\/DSC_0005-1-768x512.jpg 768w\" data-sizes=\"(max-width: 800px) 100vw, 800px\" src=\"data:image\/svg+xml;base64,PHN2ZyB3aWR0aD0iMSIgaGVpZ2h0PSIxIiB4bWxucz0iaHR0cDovL3d3dy53My5vcmcvMjAwMC9zdmciPjwvc3ZnPg==\" style=\"--smush-placeholder-width: 800px; --smush-placeholder-aspect-ratio: 800\/533;\" \/><\/a><\/p>\n<p>Por fim, o presidente Renivan Neves agendou a pr\u00f3xima sess\u00e3o para o dia 21.<\/p>\n<p><div class=\"ose- ose-uid-79e7fdd4fcde4c31278c1142c3d6b91f ose-embedpress-responsive\" style=\"width:600px; height:550px; max-height:550px; max-width:100%; display:inline-block;\" data-embed-type=\"Facebook\"><iframe allowFullScreen=\"true\" class=\"embera-facebook-iframe-dc76b lazyload\" data-src=\"https:\/\/www.facebook.com\/plugins\/post.php?href=https%3A%2F%2Fwww.facebook.com%2Fmedia%2Fset%2F%3Fset%3Da.1126383730830982.1073742600.302749469861083%26%23038%3Btype%3D1%26%23038%3Bl%3Da3a1f33e85&width=600&height=550&show_text=true\" width=\"600\" height=\"550\" style=\"border:none;overflow:hidden\" scrolling=\"no\" frameborder=\"0\" allowTransparency=\"true\" src=\"data:image\/svg+xml;base64,PHN2ZyB3aWR0aD0iMSIgaGVpZ2h0PSIxIiB4bWxucz0iaHR0cDovL3d3dy53My5vcmcvMjAwMC9zdmciPjwvc3ZnPg==\" data-load-mode=\"1\"><\/iframe><\/div><\/p>\n<p><strong>CARIRI EM A\u00c7\u00c3O<\/strong><\/p>\n<p><strong>Leia mais not\u00edcias em\u00a0<\/strong><a href=\"http:\/\/www.caririemacao.com\/\"><strong>caririemacao.com<\/strong><\/a><strong>, siga nossa p\u00e1gina no\u00a0<\/strong><a href=\"https:\/\/www.facebook.com\/CaririEmAcao\/?ref=aymt_homepage_panel\"><strong>Facebook<\/strong><\/a>,<strong>\u00a0<\/strong><a href=\"https:\/\/www.instagram.com\/cariri_em_acao\/?hl=pt-br\"><strong>Instagram<\/strong><\/a><strong>\u00a0e <\/strong><a href=\"https:\/\/www.youtube.com\/channel\/UCAptA0jQuYQy8vMhLt2m4qg\"><strong>Youtube<\/strong><\/a><strong>\u00a0e veja nossas mat\u00e9rias, v\u00eddeos e fotos. Voc\u00ea tamb\u00e9m pode enviar informa\u00e7\u00f5es \u00e0 Reda\u00e7\u00e3o do Portal Cariri em A\u00e7\u00e3o pelo WhatsApp (83) 9 9634.5791, (83) 9 9601-1162.<\/strong><\/p>\n","protected":false},"excerpt":{"rendered":"<p>A C\u00e2mara Municipal de Cara\u00fabas se reuniu na noite desta ter\u00e7a-feira (07) para mais uma importante sess\u00e3o ordin\u00e1ria, onde foram debatidos v\u00e1rios assuntos de interesse&hellip; <\/p>\n","protected":false},"author":2,"featured_media":32703,"comment_status":"closed","ping_status":"closed","sticky":false,"template":"","format":"standard","meta":{"sfsi_plus_gutenberg_text_before_share":"","sfsi_plus_gutenberg_show_text_before_share":"","sfsi_plus_gutenberg_icon_type":"","sfsi_plus_gutenberg_icon_alignemt":"","sfsi_plus_gutenburg_max_per_row":"","footnotes":""},"categories":[11],"tags":[],"class_list":["post-32701","post","type-post","status-publish","format-standard","has-post-thumbnail","hentry","category-politica"],"_links":{"self":[{"href":"https:\/\/www.caririemacao.com\/1\/wp-json\/wp\/v2\/posts\/32701","targetHints":{"allow":["GET"]}}],"collection":[{"href":"https:\/\/www.caririemacao.com\/1\/wp-json\/wp\/v2\/posts"}],"about":[{"href":"https:\/\/www.caririemacao.com\/1\/wp-json\/wp\/v2\/types\/post"}],"author":[{"embeddable":true,"href":"https:\/\/www.caririemacao.com\/1\/wp-json\/wp\/v2\/users\/2"}],"replies":[{"embeddable":true,"href":"https:\/\/www.caririemacao.com\/1\/wp-json\/wp\/v2\/comments?post=32701"}],"version-history":[{"count":0,"href":"https:\/\/www.caririemacao.com\/1\/wp-json\/wp\/v2\/posts\/32701\/revisions"}],"wp:featuredmedia":[{"embeddable":true,"href":"https:\/\/www.caririemacao.com\/1\/wp-json\/wp\/v2\/media\/32703"}],"wp:attachment":[{"href":"https:\/\/www.caririemacao.com\/1\/wp-json\/wp\/v2\/media?parent=32701"}],"wp:term":[{"taxonomy":"category","embeddable":true,"href":"https:\/\/www.caririemacao.com\/1\/wp-json\/wp\/v2\/categories?post=32701"},{"taxonomy":"post_tag","embeddable":true,"href":"https:\/\/www.caririemacao.com\/1\/wp-json\/wp\/v2\/tags?post=32701"}],"curies":[{"name":"wp","href":"https:\/\/api.w.org\/{rel}","templated":true}]}}