{"id":32712,"date":"2017-11-09T00:14:28","date_gmt":"2017-11-09T03:14:28","guid":{"rendered":"http:\/\/caririemacao.com\/1\/?p=32712"},"modified":"2017-11-09T09:48:23","modified_gmt":"2017-11-09T12:48:23","slug":"caraubas-realiza-audiencia-do-orcamento-participativo","status":"publish","type":"post","link":"https:\/\/www.caririemacao.com\/1\/2017\/11\/09\/caraubas-realiza-audiencia-do-orcamento-participativo\/","title":{"rendered":"Cara\u00fabas realiza preparat\u00f3ria para Or\u00e7amento Participativo"},"content":{"rendered":"<p>A Prefeitura de Cara\u00fabas, por meio da Secretaria de Finan\u00e7as, realizou na noite desta quarta-feira, dia 08, mais uma audi\u00eancia p\u00fablica do Or\u00e7amento Participativo (OP) que est\u00e1 sendo implementado no munic\u00edpio.<\/p>\n<p><a href=\"http:\/\/caririemacao.com\/1\/wp-content\/uploads\/2017\/11\/DSC_0028-1.jpg\"><img fetchpriority=\"high\" decoding=\"async\" class=\"aligncenter wp-image-32722 size-full\" src=\"http:\/\/caririemacao.com\/1\/wp-content\/uploads\/2017\/11\/DSC_0028-1.jpg\" alt=\"\" width=\"800\" height=\"533\" srcset=\"https:\/\/www.caririemacao.com\/1\/wp-content\/uploads\/2017\/11\/DSC_0028-1.jpg 800w, https:\/\/www.caririemacao.com\/1\/wp-content\/uploads\/2017\/11\/DSC_0028-1-300x200.jpg 300w, https:\/\/www.caririemacao.com\/1\/wp-content\/uploads\/2017\/11\/DSC_0028-1-768x512.jpg 768w\" sizes=\"(max-width: 800px) 100vw, 800px\" \/><\/a><\/p>\n<p>Na oportunidade, moradores que fazem parte da Marco Regi\u00e3o 2, formada pela sede do munic\u00edpio e v\u00e1rias comunidades rurais sugeriram ao Governo Municipal as demandas priorit\u00e1rias para os pr\u00f3ximos quatro anos.<\/p>\n<p><a href=\"http:\/\/caririemacao.com\/1\/wp-content\/uploads\/2017\/11\/DSC_0064-1.jpg\"><img decoding=\"async\" class=\"aligncenter wp-image-32724 size-full lazyload\" data-src=\"http:\/\/caririemacao.com\/1\/wp-content\/uploads\/2017\/11\/DSC_0064-1.jpg\" alt=\"\" width=\"800\" height=\"533\" data-srcset=\"https:\/\/www.caririemacao.com\/1\/wp-content\/uploads\/2017\/11\/DSC_0064-1.jpg 800w, https:\/\/www.caririemacao.com\/1\/wp-content\/uploads\/2017\/11\/DSC_0064-1-300x200.jpg 300w, https:\/\/www.caririemacao.com\/1\/wp-content\/uploads\/2017\/11\/DSC_0064-1-768x512.jpg 768w\" data-sizes=\"(max-width: 800px) 100vw, 800px\" src=\"data:image\/svg+xml;base64,PHN2ZyB3aWR0aD0iMSIgaGVpZ2h0PSIxIiB4bWxucz0iaHR0cDovL3d3dy53My5vcmcvMjAwMC9zdmciPjwvc3ZnPg==\" style=\"--smush-placeholder-width: 800px; --smush-placeholder-aspect-ratio: 800\/533;\" \/><\/a><\/p>\n<p>Inicialmente, o contador Joito explicou a din\u00e2mica da audi\u00eancia e da import\u00e2ncia da presen\u00e7a de todos.<\/p>\n<p><a href=\"http:\/\/caririemacao.com\/1\/wp-content\/uploads\/2017\/11\/DSC_0109-1.jpg\"><img decoding=\"async\" class=\"aligncenter wp-image-32727 size-full lazyload\" data-src=\"http:\/\/caririemacao.com\/1\/wp-content\/uploads\/2017\/11\/DSC_0109-1.jpg\" alt=\"\" width=\"800\" height=\"533\" data-srcset=\"https:\/\/www.caririemacao.com\/1\/wp-content\/uploads\/2017\/11\/DSC_0109-1.jpg 800w, https:\/\/www.caririemacao.com\/1\/wp-content\/uploads\/2017\/11\/DSC_0109-1-300x200.jpg 300w, https:\/\/www.caririemacao.com\/1\/wp-content\/uploads\/2017\/11\/DSC_0109-1-768x512.jpg 768w\" data-sizes=\"(max-width: 800px) 100vw, 800px\" src=\"data:image\/svg+xml;base64,PHN2ZyB3aWR0aD0iMSIgaGVpZ2h0PSIxIiB4bWxucz0iaHR0cDovL3d3dy53My5vcmcvMjAwMC9zdmciPjwvc3ZnPg==\" style=\"--smush-placeholder-width: 800px; --smush-placeholder-aspect-ratio: 800\/533;\" \/><\/a><\/p>\n<p>A audi\u00eancia foi aberta oficialmente pelo prefeito Silvano Dudu que falou da import\u00e2ncia do momento democr\u00e1tico onde os caraubenses tiveram a oportunidade de contribuir de forma diretamente com a Gest\u00e3o Municipal, sugerindo quais as prioridades para o munic\u00edpio de Cara\u00fabas.<\/p>\n<p><a href=\"http:\/\/caririemacao.com\/1\/wp-content\/uploads\/2017\/11\/DSC_0103.jpg\"><img decoding=\"async\" class=\"aligncenter wp-image-32730 size-full lazyload\" data-src=\"http:\/\/caririemacao.com\/1\/wp-content\/uploads\/2017\/11\/DSC_0103.jpg\" alt=\"\" width=\"800\" height=\"533\" data-srcset=\"https:\/\/www.caririemacao.com\/1\/wp-content\/uploads\/2017\/11\/DSC_0103.jpg 800w, https:\/\/www.caririemacao.com\/1\/wp-content\/uploads\/2017\/11\/DSC_0103-300x200.jpg 300w, https:\/\/www.caririemacao.com\/1\/wp-content\/uploads\/2017\/11\/DSC_0103-768x512.jpg 768w\" data-sizes=\"(max-width: 800px) 100vw, 800px\" src=\"data:image\/svg+xml;base64,PHN2ZyB3aWR0aD0iMSIgaGVpZ2h0PSIxIiB4bWxucz0iaHR0cDovL3d3dy53My5vcmcvMjAwMC9zdmciPjwvc3ZnPg==\" style=\"--smush-placeholder-width: 800px; --smush-placeholder-aspect-ratio: 800\/533;\" \/><\/a><\/p>\n<p>Durante o debate, a popula\u00e7\u00e3o p\u00f4de participar de forma direta, defendendo suas demandas. O cidad\u00e3o Sonildo Washington comentou que uma das prioridades era a educa\u00e7\u00e3o b\u00e1sica, j\u00e1 que s\u00f3 a educa\u00e7\u00e3o erradicaria os altos \u00edndices de drogas na cidade, uma vez que, o munic\u00edpio faz divisa com o estado pernambucano.<\/p>\n<p><a href=\"http:\/\/caririemacao.com\/1\/wp-content\/uploads\/2017\/11\/DSC_0114-1.jpg\"><img decoding=\"async\" class=\"aligncenter wp-image-32728 size-full lazyload\" data-src=\"http:\/\/caririemacao.com\/1\/wp-content\/uploads\/2017\/11\/DSC_0114-1.jpg\" alt=\"\" width=\"800\" height=\"533\" data-srcset=\"https:\/\/www.caririemacao.com\/1\/wp-content\/uploads\/2017\/11\/DSC_0114-1.jpg 800w, https:\/\/www.caririemacao.com\/1\/wp-content\/uploads\/2017\/11\/DSC_0114-1-300x200.jpg 300w, https:\/\/www.caririemacao.com\/1\/wp-content\/uploads\/2017\/11\/DSC_0114-1-768x512.jpg 768w\" data-sizes=\"(max-width: 800px) 100vw, 800px\" src=\"data:image\/svg+xml;base64,PHN2ZyB3aWR0aD0iMSIgaGVpZ2h0PSIxIiB4bWxucz0iaHR0cDovL3d3dy53My5vcmcvMjAwMC9zdmciPjwvc3ZnPg==\" style=\"--smush-placeholder-width: 800px; --smush-placeholder-aspect-ratio: 800\/533;\" \/><\/a><\/p>\n<p>O secret\u00e1rio de finan\u00e7as, Silvinho Fernandes, relembrou que h\u00e1 quatro anos, a quantidade de pessoas era bem menor, e que hoje, a presen\u00e7a foi bem maior porque as pessoas est\u00e3o acreditando mais no tema apresentado.<\/p>\n<p><a href=\"http:\/\/caririemacao.com\/1\/wp-content\/uploads\/2017\/11\/DSC_0013.jpg\"><img decoding=\"async\" class=\"aligncenter wp-image-32731 size-full lazyload\" data-src=\"http:\/\/caririemacao.com\/1\/wp-content\/uploads\/2017\/11\/DSC_0013.jpg\" alt=\"\" width=\"800\" height=\"533\" data-srcset=\"https:\/\/www.caririemacao.com\/1\/wp-content\/uploads\/2017\/11\/DSC_0013.jpg 800w, https:\/\/www.caririemacao.com\/1\/wp-content\/uploads\/2017\/11\/DSC_0013-300x200.jpg 300w, https:\/\/www.caririemacao.com\/1\/wp-content\/uploads\/2017\/11\/DSC_0013-768x512.jpg 768w\" data-sizes=\"(max-width: 800px) 100vw, 800px\" src=\"data:image\/svg+xml;base64,PHN2ZyB3aWR0aD0iMSIgaGVpZ2h0PSIxIiB4bWxucz0iaHR0cDovL3d3dy53My5vcmcvMjAwMC9zdmciPjwvc3ZnPg==\" style=\"--smush-placeholder-width: 800px; --smush-placeholder-aspect-ratio: 800\/533;\" \/><\/a><\/p>\n<p>Al\u00e9m do prefeito, todos os secret\u00e1rios municipais, do vice-prefeito Z\u00e9 de Laura, e os vereadores Neide, Tomaz, Teinha e Nero, estiveram acompanhando a audi\u00eancia e dando suas sugest\u00f5es, acrescentando ao debate, as reivindica\u00e7\u00f5es das pessoas que convivem no dia a dia, em suas diversas comunidades.<\/p>\n<p><a href=\"http:\/\/caririemacao.com\/1\/wp-content\/uploads\/2017\/11\/DSC_0118.jpg\"><img decoding=\"async\" class=\"aligncenter wp-image-32733 size-full lazyload\" data-src=\"http:\/\/caririemacao.com\/1\/wp-content\/uploads\/2017\/11\/DSC_0118.jpg\" alt=\"\" width=\"800\" height=\"533\" data-srcset=\"https:\/\/www.caririemacao.com\/1\/wp-content\/uploads\/2017\/11\/DSC_0118.jpg 800w, https:\/\/www.caririemacao.com\/1\/wp-content\/uploads\/2017\/11\/DSC_0118-300x200.jpg 300w, https:\/\/www.caririemacao.com\/1\/wp-content\/uploads\/2017\/11\/DSC_0118-768x512.jpg 768w\" data-sizes=\"(max-width: 800px) 100vw, 800px\" src=\"data:image\/svg+xml;base64,PHN2ZyB3aWR0aD0iMSIgaGVpZ2h0PSIxIiB4bWxucz0iaHR0cDovL3d3dy53My5vcmcvMjAwMC9zdmciPjwvc3ZnPg==\" style=\"--smush-placeholder-width: 800px; --smush-placeholder-aspect-ratio: 800\/533;\" \/><\/a><\/p>\n<p>O prefeito Silvano destacou o avan\u00e7o da gest\u00e3o municipal durante este 10 primeiros meses de governo e agradeceu o empenho de toda equipe. Ele tamb\u00e9m parabenizou a popula\u00e7\u00e3o pela presen\u00e7a e disse que v\u00e1rias demandas apontadas ser\u00e3o analisadas. Ele comentou que ser\u00e1 verificada a disponibilidade de atend\u00ea-las, inclusive, algumas delas, que \u00e9 a constru\u00e7\u00e3o de um gin\u00e1sio poliesportivo e a ciclovia para atender um pedido da popula\u00e7\u00e3o, contemplando tamb\u00e9m uma das propostas no plano de governo.<\/p>\n<p><a href=\"http:\/\/caririemacao.com\/1\/wp-content\/uploads\/2017\/11\/DSC_0059.jpg\"><img decoding=\"async\" class=\"aligncenter wp-image-32723 size-full lazyload\" data-src=\"http:\/\/caririemacao.com\/1\/wp-content\/uploads\/2017\/11\/DSC_0059.jpg\" alt=\"\" width=\"800\" height=\"533\" data-srcset=\"https:\/\/www.caririemacao.com\/1\/wp-content\/uploads\/2017\/11\/DSC_0059.jpg 800w, https:\/\/www.caririemacao.com\/1\/wp-content\/uploads\/2017\/11\/DSC_0059-300x200.jpg 300w, https:\/\/www.caririemacao.com\/1\/wp-content\/uploads\/2017\/11\/DSC_0059-768x512.jpg 768w\" data-sizes=\"(max-width: 800px) 100vw, 800px\" src=\"data:image\/svg+xml;base64,PHN2ZyB3aWR0aD0iMSIgaGVpZ2h0PSIxIiB4bWxucz0iaHR0cDovL3d3dy53My5vcmcvMjAwMC9zdmciPjwvc3ZnPg==\" style=\"--smush-placeholder-width: 800px; --smush-placeholder-aspect-ratio: 800\/533;\" \/><\/a><\/p>\n<p>\u201cTodo or\u00e7amento prima pela defini\u00e7\u00e3o racional de quais s\u00e3o as prioridades. E para chegarmos ao cen\u00e1rio or\u00e7ament\u00e1rio ideal para os pr\u00f3ximos quatro anos \u00e9 de suma import\u00e2ncia a contribui\u00e7\u00e3o da sociedade caraubense\u201d, afirmou o prefeito.<\/p>\n<p><a href=\"https:\/\/www.facebook.com\/pg\/CaririEmAcao\/photos\/?tab=album&amp;album_id=1126420020827353\">VEJA MAIS FOTOS DA AUDI\u00caNCIA<\/a><\/p>\n<p><strong>CARIRI EM A\u00c7\u00c3O<\/strong><\/p>\n<p><strong>Leia mais not\u00edcias em\u00a0<\/strong><a style=\"font-style: inherit; font-weight: inherit;\" href=\"http:\/\/www.caririemacao.com\/\"><strong style=\"font-style: inherit;\">caririemacao.com<\/strong><\/a><strong style=\"font-style: inherit;\">, siga nossa p\u00e1gina no\u00a0<\/strong><a style=\"font-style: inherit; font-weight: inherit;\" href=\"https:\/\/www.facebook.com\/CaririEmAcao\/?ref=aymt_homepage_panel\"><strong style=\"font-style: inherit;\">Facebook<\/strong><\/a>,<strong style=\"font-style: inherit;\">\u00a0<\/strong><a style=\"font-style: inherit; font-weight: inherit;\" href=\"https:\/\/www.instagram.com\/cariri_em_acao\/?hl=pt-br\"><strong style=\"font-style: inherit;\">Instagram<\/strong><\/a><strong style=\"font-style: inherit;\">\u00a0e\u00a0<\/strong><a style=\"font-style: inherit; font-weight: inherit;\" href=\"https:\/\/www.youtube.com\/channel\/UCAptA0jQuYQy8vMhLt2m4qg\"><strong style=\"font-style: inherit;\">Youtube<\/strong><\/a><strong style=\"font-style: inherit;\">\u00a0e veja nossas mat\u00e9rias, v\u00eddeos e fotos. Voc\u00ea tamb\u00e9m pode enviar informa\u00e7\u00f5es \u00e0 Reda\u00e7\u00e3o do Portal Cariri em A\u00e7\u00e3o pelo WhatsApp (83) 9 9634.5791, (83) 9 9601-1162.<\/strong><\/p>\n","protected":false},"excerpt":{"rendered":"<p>A Prefeitura de Cara\u00fabas, por meio da Secretaria de Finan\u00e7as, realizou na noite desta quarta-feira, dia 08, mais uma audi\u00eancia p\u00fablica do Or\u00e7amento Participativo (OP)&hellip; <\/p>\n","protected":false},"author":2,"featured_media":32721,"comment_status":"closed","ping_status":"closed","sticky":false,"template":"","format":"standard","meta":{"sfsi_plus_gutenberg_text_before_share":"","sfsi_plus_gutenberg_show_text_before_share":"","sfsi_plus_gutenberg_icon_type":"","sfsi_plus_gutenberg_icon_alignemt":"","sfsi_plus_gutenburg_max_per_row":"","footnotes":""},"categories":[6],"tags":[],"class_list":["post-32712","post","type-post","status-publish","format-standard","has-post-thumbnail","hentry","category-cidades"],"_links":{"self":[{"href":"https:\/\/www.caririemacao.com\/1\/wp-json\/wp\/v2\/posts\/32712","targetHints":{"allow":["GET"]}}],"collection":[{"href":"https:\/\/www.caririemacao.com\/1\/wp-json\/wp\/v2\/posts"}],"about":[{"href":"https:\/\/www.caririemacao.com\/1\/wp-json\/wp\/v2\/types\/post"}],"author":[{"embeddable":true,"href":"https:\/\/www.caririemacao.com\/1\/wp-json\/wp\/v2\/users\/2"}],"replies":[{"embeddable":true,"href":"https:\/\/www.caririemacao.com\/1\/wp-json\/wp\/v2\/comments?post=32712"}],"version-history":[{"count":0,"href":"https:\/\/www.caririemacao.com\/1\/wp-json\/wp\/v2\/posts\/32712\/revisions"}],"wp:featuredmedia":[{"embeddable":true,"href":"https:\/\/www.caririemacao.com\/1\/wp-json\/wp\/v2\/media\/32721"}],"wp:attachment":[{"href":"https:\/\/www.caririemacao.com\/1\/wp-json\/wp\/v2\/media?parent=32712"}],"wp:term":[{"taxonomy":"category","embeddable":true,"href":"https:\/\/www.caririemacao.com\/1\/wp-json\/wp\/v2\/categories?post=32712"},{"taxonomy":"post_tag","embeddable":true,"href":"https:\/\/www.caririemacao.com\/1\/wp-json\/wp\/v2\/tags?post=32712"}],"curies":[{"name":"wp","href":"https:\/\/api.w.org\/{rel}","templated":true}]}}