{"id":32714,"date":"2017-11-08T23:54:23","date_gmt":"2017-11-09T02:54:23","guid":{"rendered":"http:\/\/caririemacao.com\/1\/?p=32714"},"modified":"2017-11-09T00:15:05","modified_gmt":"2017-11-09T03:15:05","slug":"tce-aprova-contas-da-prefeitura-de-parari","status":"publish","type":"post","link":"https:\/\/www.caririemacao.com\/1\/2017\/11\/08\/tce-aprova-contas-da-prefeitura-de-parari\/","title":{"rendered":"TCE aprova contas da Prefeitura de Parari"},"content":{"rendered":"<p>O Tribunal de Contas do Estado da Para\u00edba (TCE-PB) aprovou, por unanimidade, nesta quarta-feira (8), as contas do prefeito de Parari, Jos\u00e9 Josemar Ferreira de Souza (PSB), referentes ao exerc\u00edcio de 2015. Segundo o TCE, o prefeito cumpriu os \u00edndices constitucionais.<\/p>\n<p><a href=\"http:\/\/caririemacao.com\/1\/wp-content\/uploads\/2017\/11\/23376158_2022648167969083_9143074806132651938_n.jpg\"><img fetchpriority=\"high\" decoding=\"async\" class=\"size-medium wp-image-32718 aligncenter\" src=\"http:\/\/caririemacao.com\/1\/wp-content\/uploads\/2017\/11\/23376158_2022648167969083_9143074806132651938_n-300x169.jpg\" alt=\"\" width=\"300\" height=\"169\" srcset=\"https:\/\/www.caririemacao.com\/1\/wp-content\/uploads\/2017\/11\/23376158_2022648167969083_9143074806132651938_n-300x169.jpg 300w, https:\/\/www.caririemacao.com\/1\/wp-content\/uploads\/2017\/11\/23376158_2022648167969083_9143074806132651938_n-768x432.jpg 768w, https:\/\/www.caririemacao.com\/1\/wp-content\/uploads\/2017\/11\/23376158_2022648167969083_9143074806132651938_n.jpg 960w\" sizes=\"(max-width: 300px) 100vw, 300px\" \/><\/a><\/p>\n<p>Pelo terceiro ano consecutivo o munic\u00edpio teve as contas aprovadas pela Corte de Contas. \u201c\u00c9 obriga\u00e7\u00e3o de todo gestor ter as suas contas aprovadas, mas ficamos felizes quando o Tribunal atesta que estamos desenvolvendo um bom trabalho\u201d, afirmou Josa.<\/p>\n<p>\u201cA Prefeitura de Parari mostrou que apesar de toda crise financeira \u00e9 poss\u00edvel fazer o bom uso do recurso p\u00fablico. Os conselheiros entenderam que os gatos do gestor foram feitos com responsabilidade e dentro do que determina a lei\u201d, afirmou o advogado Marco Villar, do Escrit\u00f3rio Marco Villar Advogados Associados, que acompanha a parte de contas da gest\u00e3o.<\/p>\n<p><strong>CARIRI EM A\u00c7\u00c3O<\/strong><\/p>\n<p>Mais PB<\/p>\n<p><strong>Leia mais not\u00edcias em\u00a0<\/strong><a style=\"font-style: inherit; font-weight: inherit;\" href=\"http:\/\/www.caririemacao.com\/\"><strong style=\"font-style: inherit;\">caririemacao.com<\/strong><\/a><strong style=\"font-style: inherit;\">, siga nossa p\u00e1gina no\u00a0<\/strong><a style=\"font-style: inherit; font-weight: inherit;\" href=\"https:\/\/www.facebook.com\/CaririEmAcao\/?ref=aymt_homepage_panel\"><strong style=\"font-style: inherit;\">Facebook<\/strong><\/a>,<strong style=\"font-style: inherit;\">\u00a0<\/strong><a style=\"font-style: inherit; font-weight: inherit;\" href=\"https:\/\/www.instagram.com\/cariri_em_acao\/?hl=pt-br\"><strong style=\"font-style: inherit;\">Instagram<\/strong><\/a><strong style=\"font-style: inherit;\">\u00a0e\u00a0<\/strong><a style=\"font-style: inherit; font-weight: inherit;\" href=\"https:\/\/www.youtube.com\/channel\/UCAptA0jQuYQy8vMhLt2m4qg\"><strong style=\"font-style: inherit;\">Youtube<\/strong><\/a><strong style=\"font-style: inherit;\">\u00a0e veja nossas mat\u00e9rias, v\u00eddeos e fotos. Voc\u00ea tamb\u00e9m pode enviar informa\u00e7\u00f5es \u00e0 Reda\u00e7\u00e3o do Portal Cariri em A\u00e7\u00e3o pelo WhatsApp (83) 9 9634.5791, (83) 9 9601-1162.<\/strong><\/p>\n","protected":false},"excerpt":{"rendered":"<p>O Tribunal de Contas do Estado da Para\u00edba (TCE-PB) aprovou, por unanimidade, nesta quarta-feira (8), as contas do prefeito de Parari, Jos\u00e9 Josemar Ferreira de&hellip; <\/p>\n","protected":false},"author":2,"featured_media":32715,"comment_status":"closed","ping_status":"closed","sticky":false,"template":"","format":"standard","meta":{"sfsi_plus_gutenberg_text_before_share":"","sfsi_plus_gutenberg_show_text_before_share":"","sfsi_plus_gutenberg_icon_type":"","sfsi_plus_gutenberg_icon_alignemt":"","sfsi_plus_gutenburg_max_per_row":"","footnotes":""},"categories":[11],"tags":[],"class_list":["post-32714","post","type-post","status-publish","format-standard","has-post-thumbnail","hentry","category-politica"],"_links":{"self":[{"href":"https:\/\/www.caririemacao.com\/1\/wp-json\/wp\/v2\/posts\/32714","targetHints":{"allow":["GET"]}}],"collection":[{"href":"https:\/\/www.caririemacao.com\/1\/wp-json\/wp\/v2\/posts"}],"about":[{"href":"https:\/\/www.caririemacao.com\/1\/wp-json\/wp\/v2\/types\/post"}],"author":[{"embeddable":true,"href":"https:\/\/www.caririemacao.com\/1\/wp-json\/wp\/v2\/users\/2"}],"replies":[{"embeddable":true,"href":"https:\/\/www.caririemacao.com\/1\/wp-json\/wp\/v2\/comments?post=32714"}],"version-history":[{"count":0,"href":"https:\/\/www.caririemacao.com\/1\/wp-json\/wp\/v2\/posts\/32714\/revisions"}],"wp:featuredmedia":[{"embeddable":true,"href":"https:\/\/www.caririemacao.com\/1\/wp-json\/wp\/v2\/media\/32715"}],"wp:attachment":[{"href":"https:\/\/www.caririemacao.com\/1\/wp-json\/wp\/v2\/media?parent=32714"}],"wp:term":[{"taxonomy":"category","embeddable":true,"href":"https:\/\/www.caririemacao.com\/1\/wp-json\/wp\/v2\/categories?post=32714"},{"taxonomy":"post_tag","embeddable":true,"href":"https:\/\/www.caririemacao.com\/1\/wp-json\/wp\/v2\/tags?post=32714"}],"curies":[{"name":"wp","href":"https:\/\/api.w.org\/{rel}","templated":true}]}}