{"id":32739,"date":"2017-11-09T08:51:00","date_gmt":"2017-11-09T11:51:00","guid":{"rendered":"http:\/\/caririemacao.com\/1\/?p=32739"},"modified":"2017-11-09T08:51:00","modified_gmt":"2017-11-09T11:51:00","slug":"tce-proibe-governo-de-conceder-emprestimos-pelo-empreender-2","status":"publish","type":"post","link":"https:\/\/www.caririemacao.com\/1\/2017\/11\/09\/tce-proibe-governo-de-conceder-emprestimos-pelo-empreender-2\/","title":{"rendered":"TCE pro\u00edbe Governo de conceder empr\u00e9stimos pelo Empreender"},"content":{"rendered":"<p>O Tribunal de Contas do Estado da Para\u00edba (TCE-PB) determinou, nesta quarta-feira (8), a proibi\u00e7\u00e3o do Governo do Estado de conceder empr\u00e9stimos atrav\u00e9s do programa Empreender PB. A decis\u00e3o foi tomada pelo conselheiro Fernando Rodrigues Cat\u00e3o por conta de inconformidades no programa apontadas pelo Minist\u00e9rio P\u00fablico.<\/p>\n<p>A determina\u00e7\u00e3o do TCE-PB estabelece que a gestora do programa, Amanda Ara\u00fajo Rodrigues, n\u00e3o pode mais dar continuidade procedimentos administrativos voltados \u00e0 concess\u00e3o de empr\u00e9stimos por meio do Programa Empreender PB, abarcando todas as linhas e tipos de financiamentos (pessoa f\u00edsica e jur\u00eddica).<\/p>\n<p>Caso descumpra a decis\u00e3o, os empr\u00e9stimos ser\u00e3o considerados nulos e irregulares. Al\u00e9m da gestora do programa, o secret\u00e1rio do Estado de Turismo e Desenvolvimento Econ\u00f4mico, Lindofo Pires, t\u00eam quinze dias para prestar esclarecimento das irregularidades apresentadas pelo Minist\u00e9rio P\u00fablico.<\/p>\n<p>O secret\u00e1rio do Estado de Comunica\u00e7\u00e3o, Luis T\u00f4rres, criticou a decis\u00e3o do TCE argumentando que o programa \u00e9 de suma import\u00e2ncia para o desenvolvimento da Para\u00edba. &#8220;\u00c9 uma medida violenta, que golpeia diretamente um dos programas mais importantes para o desenvolvimento da economia da Para\u00edba. Ao longo dos \u00faltimos sete anos, o Empreender conseguiu injetar R$ 130 milh\u00f5es na economia do Estado, principalmente dando oportunidade a pequenos comerciantes de abrirem e aprimorarem seus neg\u00f3cios&#8221;, disse.<\/p>\n<p>T\u00f4rres ainda sinalizou que a decis\u00e3o foi tomada sem justificativa plaus\u00edvel e que o Governo deve recorrer da decis\u00e3o. &#8220;Criou-se expectativas em pequenos empreendedores porque muitos j\u00e1 estavam pr\u00f3ximos de receber seus empr\u00e9stimos. At\u00e9 dezembro deste ano, R$ 5 milh\u00f5es seriam liberados. O Governo vai recorrer porque n\u00e3o vai permitir que as pessoas sejam prejudicadas&#8221;, comentou.<\/p>\n<p><strong>CARIRI EM A\u00c7\u00c3O<\/strong><\/p>\n<p><strong>Leia mais not\u00edcias em\u00a0<\/strong><a href=\"http:\/\/www.caririemacao.com\/\"><strong>caririemacao.com<\/strong><\/a><strong>, siga nossa p\u00e1gina no\u00a0<\/strong><a href=\"https:\/\/www.facebook.com\/CaririEmAcao\/?ref=aymt_homepage_panel\"><strong>Facebook<\/strong><\/a><strong>,\u00a0<\/strong><a href=\"https:\/\/www.instagram.com\/cariri_em_acao\/?hl=pt-br\"><strong>Instagram<\/strong><\/a><strong>\u00a0e <\/strong><a href=\"https:\/\/www.youtube.com\/channel\/UCAptA0jQuYQy8vMhLt2m4qg\"><strong>Youtube<\/strong><\/a><strong>\u00a0e veja nossas mat\u00e9rias, v\u00eddeos e fotos. Voc\u00ea tamb\u00e9m pode enviar informa\u00e7\u00f5es \u00e0 Reda\u00e7\u00e3o do Portal Cariri em A\u00e7\u00e3o pelo WhatsApp (83) 9 9634.5791, (83) 9 9601-1162.<\/strong><\/p>\n","protected":false},"excerpt":{"rendered":"<p>O Tribunal de Contas do Estado da Para\u00edba (TCE-PB) determinou, nesta quarta-feira (8), a proibi\u00e7\u00e3o do Governo do Estado de conceder empr\u00e9stimos atrav\u00e9s do programa&hellip; <\/p>\n","protected":false},"author":2,"featured_media":17359,"comment_status":"closed","ping_status":"closed","sticky":false,"template":"","format":"standard","meta":{"sfsi_plus_gutenberg_text_before_share":"","sfsi_plus_gutenberg_show_text_before_share":"","sfsi_plus_gutenberg_icon_type":"","sfsi_plus_gutenberg_icon_alignemt":"","sfsi_plus_gutenburg_max_per_row":"","footnotes":""},"categories":[2],"tags":[],"class_list":["post-32739","post","type-post","status-publish","format-standard","has-post-thumbnail","hentry","category-geral"],"_links":{"self":[{"href":"https:\/\/www.caririemacao.com\/1\/wp-json\/wp\/v2\/posts\/32739","targetHints":{"allow":["GET"]}}],"collection":[{"href":"https:\/\/www.caririemacao.com\/1\/wp-json\/wp\/v2\/posts"}],"about":[{"href":"https:\/\/www.caririemacao.com\/1\/wp-json\/wp\/v2\/types\/post"}],"author":[{"embeddable":true,"href":"https:\/\/www.caririemacao.com\/1\/wp-json\/wp\/v2\/users\/2"}],"replies":[{"embeddable":true,"href":"https:\/\/www.caririemacao.com\/1\/wp-json\/wp\/v2\/comments?post=32739"}],"version-history":[{"count":0,"href":"https:\/\/www.caririemacao.com\/1\/wp-json\/wp\/v2\/posts\/32739\/revisions"}],"wp:featuredmedia":[{"embeddable":true,"href":"https:\/\/www.caririemacao.com\/1\/wp-json\/wp\/v2\/media\/17359"}],"wp:attachment":[{"href":"https:\/\/www.caririemacao.com\/1\/wp-json\/wp\/v2\/media?parent=32739"}],"wp:term":[{"taxonomy":"category","embeddable":true,"href":"https:\/\/www.caririemacao.com\/1\/wp-json\/wp\/v2\/categories?post=32739"},{"taxonomy":"post_tag","embeddable":true,"href":"https:\/\/www.caririemacao.com\/1\/wp-json\/wp\/v2\/tags?post=32739"}],"curies":[{"name":"wp","href":"https:\/\/api.w.org\/{rel}","templated":true}]}}