{"id":32741,"date":"2017-11-09T09:35:53","date_gmt":"2017-11-09T12:35:53","guid":{"rendered":"http:\/\/caririemacao.com\/1\/?p=32741"},"modified":"2017-11-09T09:35:53","modified_gmt":"2017-11-09T12:35:53","slug":"paraibanos-terao-o-terceiro-pior-13o-salario-do-pais-este-ano-diz-dieese","status":"publish","type":"post","link":"https:\/\/www.caririemacao.com\/1\/2017\/11\/09\/paraibanos-terao-o-terceiro-pior-13o-salario-do-pais-este-ano-diz-dieese\/","title":{"rendered":"Paraibanos ter\u00e3o o terceiro pior 13\u00ba sal\u00e1rio do pa\u00eds este ano, diz Dieese"},"content":{"rendered":"<p>O pagamento do 13\u00ba sal\u00e1rio deve injetar mais de R$ 200 bilh\u00f5es at\u00e9 o m\u00eas de dezembro na economia do pa\u00eds. Na Para\u00edba, o incremento pode chegar a R$ 2,3 bilh\u00f5es, valor que representa em torno de 4% do Produto Interno Bruto (PIB) do estado. A estimativa \u00e9 do Departamento Intersindical de Estat\u00edstica e Estudos Socioecon\u00f4micos (Dieese).<br \/>\nDe acordo com o Dieese, o contingente que receber\u00e1 o benef\u00edcio no estado ultrapassa 1,3 milh\u00e3o de pessoas. Cada paraibano receber\u00e1, em m\u00e9dia, um 13\u00ba sal\u00e1rio de R$ 1.541,30, valor superior em 3,34% a 2016. Essa \u00e9 a terceira menor m\u00e9dia do pa\u00eds, ficando \u00e0 frente apenas dos estados do Maranh\u00e3o e Piau\u00ed, ambos no Nordeste.<\/p>\n<p>No estado, os empregados do mercado formal, celetistas ou estatut\u00e1rios, representam 45,9%, enquanto pensionistas e aposentados do INSS equivalem a 52,5%. O emprego dom\u00e9stico com carteira assinada participa com 1,5%.<\/p>\n<p>O levantamento tamb\u00e9m identificou que o montante previsto para ser pago este ano supera em 1,8% o valor apurado em 2016.<\/p>\n<p><strong>CARIRI EM A\u00c7\u00c3O<\/strong><\/p>\n<p><em>Com Portal Correio \/Foto: Google\u00a0\u00a0 <\/em><\/p>\n<p><strong>Leia mais not\u00edcias em\u00a0<\/strong><a href=\"http:\/\/www.caririemacao.com\/\"><strong>caririemacao.com<\/strong><\/a><strong>, siga nossa p\u00e1gina no\u00a0<\/strong><a href=\"https:\/\/www.facebook.com\/CaririEmAcao\/?ref=aymt_homepage_panel\"><strong>Facebook<\/strong><\/a>,<strong>\u00a0<\/strong><a href=\"https:\/\/www.instagram.com\/cariri_em_acao\/?hl=pt-br\"><strong>Instagram<\/strong><\/a><strong>\u00a0e <\/strong><a href=\"https:\/\/www.youtube.com\/channel\/UCAptA0jQuYQy8vMhLt2m4qg\"><strong>Youtube<\/strong><\/a><strong>\u00a0e veja nossas mat\u00e9rias, v\u00eddeos e fotos. Voc\u00ea tamb\u00e9m pode enviar informa\u00e7\u00f5es \u00e0 Reda\u00e7\u00e3o do Portal Cariri em A\u00e7\u00e3o pelo WhatsApp (83) 9 9634.5791, (83) 9 9601-1162.<\/strong><\/p>\n","protected":false},"excerpt":{"rendered":"<p>O pagamento do 13\u00ba sal\u00e1rio deve injetar mais de R$ 200 bilh\u00f5es at\u00e9 o m\u00eas de dezembro na economia do pa\u00eds. Na Para\u00edba, o incremento&hellip; <\/p>\n","protected":false},"author":2,"featured_media":10249,"comment_status":"closed","ping_status":"closed","sticky":false,"template":"","format":"standard","meta":{"sfsi_plus_gutenberg_text_before_share":"","sfsi_plus_gutenberg_show_text_before_share":"","sfsi_plus_gutenberg_icon_type":"","sfsi_plus_gutenberg_icon_alignemt":"","sfsi_plus_gutenburg_max_per_row":"","footnotes":""},"categories":[2],"tags":[],"class_list":["post-32741","post","type-post","status-publish","format-standard","has-post-thumbnail","hentry","category-geral"],"_links":{"self":[{"href":"https:\/\/www.caririemacao.com\/1\/wp-json\/wp\/v2\/posts\/32741","targetHints":{"allow":["GET"]}}],"collection":[{"href":"https:\/\/www.caririemacao.com\/1\/wp-json\/wp\/v2\/posts"}],"about":[{"href":"https:\/\/www.caririemacao.com\/1\/wp-json\/wp\/v2\/types\/post"}],"author":[{"embeddable":true,"href":"https:\/\/www.caririemacao.com\/1\/wp-json\/wp\/v2\/users\/2"}],"replies":[{"embeddable":true,"href":"https:\/\/www.caririemacao.com\/1\/wp-json\/wp\/v2\/comments?post=32741"}],"version-history":[{"count":0,"href":"https:\/\/www.caririemacao.com\/1\/wp-json\/wp\/v2\/posts\/32741\/revisions"}],"wp:featuredmedia":[{"embeddable":true,"href":"https:\/\/www.caririemacao.com\/1\/wp-json\/wp\/v2\/media\/10249"}],"wp:attachment":[{"href":"https:\/\/www.caririemacao.com\/1\/wp-json\/wp\/v2\/media?parent=32741"}],"wp:term":[{"taxonomy":"category","embeddable":true,"href":"https:\/\/www.caririemacao.com\/1\/wp-json\/wp\/v2\/categories?post=32741"},{"taxonomy":"post_tag","embeddable":true,"href":"https:\/\/www.caririemacao.com\/1\/wp-json\/wp\/v2\/tags?post=32741"}],"curies":[{"name":"wp","href":"https:\/\/api.w.org\/{rel}","templated":true}]}}