{"id":32748,"date":"2017-11-09T09:45:20","date_gmt":"2017-11-09T12:45:20","guid":{"rendered":"http:\/\/caririemacao.com\/1\/?p=32748"},"modified":"2017-11-09T09:45:20","modified_gmt":"2017-11-09T12:45:20","slug":"mpf-se-reunira-com-prefeitos-de-cidades-do-cariri-para-tratar-de-saneamento","status":"publish","type":"post","link":"https:\/\/www.caririemacao.com\/1\/2017\/11\/09\/mpf-se-reunira-com-prefeitos-de-cidades-do-cariri-para-tratar-de-saneamento\/","title":{"rendered":"MPF se reunir\u00e1 com prefeitos de cidades do Cariri para tratar de saneamento"},"content":{"rendered":"<p>A partir das 9h da manh\u00e3 desta quinta-feira, o Minist\u00e9rio P\u00fablico Federal na Para\u00edba se reunir\u00e1 com prefeitos de 27 cidades do Cariri paraibano para tratar da efetiva\u00e7\u00e3o do Plano de Saneamento B\u00e1sico Municipal.<\/p>\n<div><\/div>\n<div>Conforme levantamento da Secretaria Nacional de Saneamento Ambiental, ligada ao Minist\u00e9rio das Cidades, dos 5.570 munic\u00edpios brasileiros, apenas 1.692 (30,4%) informaram ter feito seus planos municipais.<\/div>\n<div><\/div>\n<div>Os planos est\u00e3o previstos na Lei 11.445 de 2007, &#8211; a Lei do Saneamento B\u00e1sico, que prev\u00ea a universaliza\u00e7\u00e3o dos servi\u00e7os de abastecimento de \u00e1gua e de tratamento da rede de esgoto no pa\u00eds, sendo o primeiro passo a elabora\u00e7\u00e3o de um plano municipal de saneamento b\u00e1sico em cada cidade.<\/div>\n<div><\/div>\n<div>A reuni\u00e3o ocorrer\u00e1 no audit\u00f3rio da Justi\u00e7a Federal, em Monteiro (PB), a partir das 9h e ter\u00e1 a presen\u00e7a do procurador-chefe do MPF na Para\u00edba, Marcos Queiroga, al\u00e9m da procuradora da Rep\u00fablica que atua na regi\u00e3o do Cariri, Jana\u00edna Andrade.<\/div>\n<div><\/div>\n<div>Tamb\u00e9m estar\u00e3o presentes os procuradores membros do Minist\u00e9rio P\u00fablico de Contas, Bradson Tib\u00e9rio Luna Camelo e o Luciano Andrade Farias (procurador-geral do MP de Contas); o promotor de Justi\u00e7a e coordenador do Centro de Apoio Operacional \u00e0s Promotorias de Justi\u00e7a de Defesa do Meio Ambiente, Raniere da Silva Dantas, al\u00e9m de promotores de Justi\u00e7a que atuam nos 27 munic\u00edpios do Cariri. Tamb\u00e9m estar\u00e1 presente representante da Cagepa e o perito do MPF, engenheiro civil Marcelo Franca.<\/div>\n<div><\/div>\n<div>Todos os 27 prefeitos das cidades que comp\u00f5em a regi\u00e3o do Cariri foram convidados.<\/div>\n<div>\n<p><strong>CARIRI EM A\u00c7\u00c3O<\/strong><\/p>\n<p><em>Com Ascom\/Foto: Google\u00a0\u00a0 <\/em><\/p>\n<p><strong>Leia mais not\u00edcias em\u00a0<\/strong><a href=\"http:\/\/www.caririemacao.com\/\"><strong>caririemacao.com<\/strong><\/a><strong>, siga nossa p\u00e1gina no\u00a0<\/strong><a href=\"https:\/\/www.facebook.com\/CaririEmAcao\/?ref=aymt_homepage_panel\"><strong>Facebook<\/strong><\/a>,<strong>\u00a0<\/strong><a href=\"https:\/\/www.instagram.com\/cariri_em_acao\/?hl=pt-br\"><strong>Instagram<\/strong><\/a><strong>\u00a0e <\/strong><a href=\"https:\/\/www.youtube.com\/channel\/UCAptA0jQuYQy8vMhLt2m4qg\"><strong>Youtube<\/strong><\/a><strong>\u00a0e veja nossas mat\u00e9rias, v\u00eddeos e fotos. Voc\u00ea tamb\u00e9m pode enviar informa\u00e7\u00f5es \u00e0 Reda\u00e7\u00e3o do Portal Cariri em A\u00e7\u00e3o pelo WhatsApp (83) 9 9634.5791, (83) 9 9601-1162.<\/strong><\/p>\n<\/div>\n","protected":false},"excerpt":{"rendered":"<p>A partir das 9h da manh\u00e3 desta quinta-feira, o Minist\u00e9rio P\u00fablico Federal na Para\u00edba se reunir\u00e1 com prefeitos de 27 cidades do Cariri paraibano para&hellip; <\/p>\n","protected":false},"author":2,"featured_media":32749,"comment_status":"closed","ping_status":"closed","sticky":false,"template":"","format":"standard","meta":{"sfsi_plus_gutenberg_text_before_share":"","sfsi_plus_gutenberg_show_text_before_share":"","sfsi_plus_gutenberg_icon_type":"","sfsi_plus_gutenberg_icon_alignemt":"","sfsi_plus_gutenburg_max_per_row":"","footnotes":""},"categories":[2],"tags":[],"class_list":["post-32748","post","type-post","status-publish","format-standard","has-post-thumbnail","hentry","category-geral"],"_links":{"self":[{"href":"https:\/\/www.caririemacao.com\/1\/wp-json\/wp\/v2\/posts\/32748","targetHints":{"allow":["GET"]}}],"collection":[{"href":"https:\/\/www.caririemacao.com\/1\/wp-json\/wp\/v2\/posts"}],"about":[{"href":"https:\/\/www.caririemacao.com\/1\/wp-json\/wp\/v2\/types\/post"}],"author":[{"embeddable":true,"href":"https:\/\/www.caririemacao.com\/1\/wp-json\/wp\/v2\/users\/2"}],"replies":[{"embeddable":true,"href":"https:\/\/www.caririemacao.com\/1\/wp-json\/wp\/v2\/comments?post=32748"}],"version-history":[{"count":0,"href":"https:\/\/www.caririemacao.com\/1\/wp-json\/wp\/v2\/posts\/32748\/revisions"}],"wp:featuredmedia":[{"embeddable":true,"href":"https:\/\/www.caririemacao.com\/1\/wp-json\/wp\/v2\/media\/32749"}],"wp:attachment":[{"href":"https:\/\/www.caririemacao.com\/1\/wp-json\/wp\/v2\/media?parent=32748"}],"wp:term":[{"taxonomy":"category","embeddable":true,"href":"https:\/\/www.caririemacao.com\/1\/wp-json\/wp\/v2\/categories?post=32748"},{"taxonomy":"post_tag","embeddable":true,"href":"https:\/\/www.caririemacao.com\/1\/wp-json\/wp\/v2\/tags?post=32748"}],"curies":[{"name":"wp","href":"https:\/\/api.w.org\/{rel}","templated":true}]}}