{"id":32751,"date":"2017-11-09T09:50:28","date_gmt":"2017-11-09T12:50:28","guid":{"rendered":"http:\/\/caririemacao.com\/1\/?p=32751"},"modified":"2017-11-09T09:50:28","modified_gmt":"2017-11-09T12:50:28","slug":"quadra-de-esporte-em-santo-andre-recebe-cobertura-obra-esta-em-fase-de-conclusao","status":"publish","type":"post","link":"https:\/\/www.caririemacao.com\/1\/2017\/11\/09\/quadra-de-esporte-em-santo-andre-recebe-cobertura-obra-esta-em-fase-de-conclusao\/","title":{"rendered":"Quadra de Esporte em Santo Andr\u00e9 recebe cobertura; Obra est\u00e1 em fase de conclus\u00e3o"},"content":{"rendered":"<div>A quadra Poliesportiva do munic\u00edpio de Santo Andr\u00e9 no cariri paraibano\u00a0 recebeu a cobertura e prossegue para a reta final e conclus\u00e3o e em um espa\u00e7o pequeno de tempo \u00a0ser\u00e1 entregue a popula\u00e7\u00e3o do munic\u00edpio.<\/div>\n<div><\/div>\n<div>\u00a0A prefeitura de Santo Andr\u00e9, atrav\u00e9s das secretarias de Educa\u00e7\u00e3o, Esportes e Cultura, entregar\u00e1 aos esportistas e alunos da rede municipal de Ensino num pequeno espa\u00e7o de tempo melhorando a qualidade de vida dos santoandreenses, com esporte e lazer para todos. O Investimento tem a responsabilidade do FNDE, que tem se preocupado com o bem estar social dos munic\u00edpios.<\/div>\n<div><\/div>\n<div>A Prefeita Silvana Marinho juntamente com a Secretaria de Educa\u00e7\u00e3o tem se desdobrado para conseguir melhorias para o desenvolvimento da educa\u00e7\u00e3o do munic\u00edpio, a Quadra foi uma busca sem medidas e empenho tamb\u00e9m,do Assessor Educacional do munic\u00edpio Fabiano Oliveira, que muito tem contribu\u00eddo para junto com a Secret\u00e1ria Cei\u00e7a Silva promover melhores qualidades no ensino e na aprendizagem, Garantindo os direitos de cada mun\u00edcipe.<\/div>\n<div>\n<p><strong>CARIRI EM A\u00c7\u00c3O<\/strong><\/p>\n<p><em>Com Ascom\/Foto:\u00a0 Divulga\u00e7\u00e3o<\/em><\/p>\n<p><strong>Leia mais not\u00edcias em\u00a0<\/strong><a href=\"http:\/\/www.caririemacao.com\/\"><strong>caririemacao.com<\/strong><\/a><strong>, siga nossa p\u00e1gina no\u00a0<\/strong><a href=\"https:\/\/www.facebook.com\/CaririEmAcao\/?ref=aymt_homepage_panel\"><strong>Facebook<\/strong><\/a>,<strong>\u00a0<\/strong><a href=\"https:\/\/www.instagram.com\/cariri_em_acao\/?hl=pt-br\"><strong>Instagram<\/strong><\/a><strong>\u00a0e <\/strong><a href=\"https:\/\/www.youtube.com\/channel\/UCAptA0jQuYQy8vMhLt2m4qg\"><strong>Youtube<\/strong><\/a><strong>\u00a0e veja nossas mat\u00e9rias, v\u00eddeos e fotos. Voc\u00ea tamb\u00e9m pode enviar informa\u00e7\u00f5es \u00e0 Reda\u00e7\u00e3o do Portal Cariri em A\u00e7\u00e3o pelo WhatsApp (83) 9 9634.5791, (83) 9 9601-1162.<\/strong><\/p>\n<\/div>\n","protected":false},"excerpt":{"rendered":"<p>A quadra Poliesportiva do munic\u00edpio de Santo Andr\u00e9 no cariri paraibano\u00a0 recebeu a cobertura e prossegue para a reta final e conclus\u00e3o e em um&hellip; <\/p>\n","protected":false},"author":2,"featured_media":32752,"comment_status":"closed","ping_status":"closed","sticky":false,"template":"","format":"standard","meta":{"sfsi_plus_gutenberg_text_before_share":"","sfsi_plus_gutenberg_show_text_before_share":"","sfsi_plus_gutenberg_icon_type":"","sfsi_plus_gutenberg_icon_alignemt":"","sfsi_plus_gutenburg_max_per_row":"","footnotes":""},"categories":[6],"tags":[],"class_list":["post-32751","post","type-post","status-publish","format-standard","has-post-thumbnail","hentry","category-cidades"],"_links":{"self":[{"href":"https:\/\/www.caririemacao.com\/1\/wp-json\/wp\/v2\/posts\/32751","targetHints":{"allow":["GET"]}}],"collection":[{"href":"https:\/\/www.caririemacao.com\/1\/wp-json\/wp\/v2\/posts"}],"about":[{"href":"https:\/\/www.caririemacao.com\/1\/wp-json\/wp\/v2\/types\/post"}],"author":[{"embeddable":true,"href":"https:\/\/www.caririemacao.com\/1\/wp-json\/wp\/v2\/users\/2"}],"replies":[{"embeddable":true,"href":"https:\/\/www.caririemacao.com\/1\/wp-json\/wp\/v2\/comments?post=32751"}],"version-history":[{"count":0,"href":"https:\/\/www.caririemacao.com\/1\/wp-json\/wp\/v2\/posts\/32751\/revisions"}],"wp:featuredmedia":[{"embeddable":true,"href":"https:\/\/www.caririemacao.com\/1\/wp-json\/wp\/v2\/media\/32752"}],"wp:attachment":[{"href":"https:\/\/www.caririemacao.com\/1\/wp-json\/wp\/v2\/media?parent=32751"}],"wp:term":[{"taxonomy":"category","embeddable":true,"href":"https:\/\/www.caririemacao.com\/1\/wp-json\/wp\/v2\/categories?post=32751"},{"taxonomy":"post_tag","embeddable":true,"href":"https:\/\/www.caririemacao.com\/1\/wp-json\/wp\/v2\/tags?post=32751"}],"curies":[{"name":"wp","href":"https:\/\/api.w.org\/{rel}","templated":true}]}}