{"id":32762,"date":"2017-11-09T10:11:40","date_gmt":"2017-11-09T13:11:40","guid":{"rendered":"http:\/\/caririemacao.com\/1\/?p=32762"},"modified":"2017-11-09T10:13:16","modified_gmt":"2017-11-09T13:13:16","slug":"governo-desidrata-texto-da-previdencia-para-aprova-lo-neste-ano","status":"publish","type":"post","link":"https:\/\/www.caririemacao.com\/1\/2017\/11\/09\/governo-desidrata-texto-da-previdencia-para-aprova-lo-neste-ano\/","title":{"rendered":"Governo desidrata texto da Previd\u00eancia para aprov\u00e1-lo neste ano"},"content":{"rendered":"<section class=\"l-noticia\">O governo vai partir para o tudo ou nada na reforma da Previd\u00eancia. Mesmo correndo o risco de derrota, Michel Temer decidiu, com o ministro da Fazenda, Henrique Meirelles, que pior do que a rejei\u00e7\u00e3o seria desistir da reforma, principalmente depois da rea\u00e7\u00e3o negativa do mercado financeiro. A reforma \u201cposs\u00edvel\u201d manter\u00e1 a idade m\u00ednima para aposentadoria e a unifica\u00e7\u00e3o das regras dos servidores p\u00fablicos com os trabalhadores da iniciativa privada.Atendendo a press\u00f5es de sua base pol\u00edtica, Temer avalia fazer a reforma ministerial em troca de apoio no Congresso para levar \u00e0 vota\u00e7\u00e3o uma proposta bem mais enxuta do que a pretendida.<\/p>\n<p>O relator da reforma da Previd\u00eancia, deputado Arthur Oliveira Maia (PPS-BA), j\u00e1 come\u00e7ou a redigir a vers\u00e3o da minirreforma. A estrat\u00e9gia \u00e9 aprovar o novo texto em dois turnos na C\u00e2mara at\u00e9 o dia 15 de dezembro e terminar a vota\u00e7\u00e3o no Senado em fevereiro de 2018.<\/p>\n<p>A estrat\u00e9gia do Planalto \u00e9 dividir com o Congresso a responsabilidade pela aprova\u00e7\u00e3o e refor\u00e7ar a comunica\u00e7\u00e3o, sobretudo com o discurso de \u201ccombate dos privil\u00e9gios\u201d do funcionalismo, que \u00e9 sens\u00edvel \u00e0 popula\u00e7\u00e3o. Mesmo assim, l\u00edderes de partidos aliados argumentaram que a mudan\u00e7a ministerial n\u00e3o garante a aprova\u00e7\u00e3o da reforma.<\/p>\n<p>O Pal\u00e1cio do Planalto concordou em flexibilizar as mudan\u00e7as no que for necess\u00e1rio para garantir a aprova\u00e7\u00e3o. Temer vai precisar de 308 votos, mas a sua base \u00e9 ainda mais fr\u00e1gil do que antes da dela\u00e7\u00e3o da JBS, que levou \u00e0 rejei\u00e7\u00e3o de duas den\u00fancias contra ele em vota\u00e7\u00f5es que n\u00e3o sustentariam a aprova\u00e7\u00e3o de uma PEC, como \u00e9 o caso da Previd\u00eancia.<\/p>\n<p>Depois do susto com o mercado, o relator disse que a reforma voltou a caminhar. \u201cTenho cren\u00e7a de que poderemos avan\u00e7ar\u201d, disse. Segundo Arthur Maia, \u00e9 melhor diminuir o ganho nas contas p\u00fablicas do que n\u00e3o ter nenhuma proposta aprovada. \u201cDo que est\u00e1 perdido, a metade \u00e9 grande neg\u00f3cio\u201d, disse. Enquanto o relator falava sobre as negocia\u00e7\u00f5es, a Bolsa retomou o patamar de 74 mil pontos.<\/p>\n<p>Em reuni\u00e3o nesta quinta-feira, 9, com os l\u00edderes, o relator vai definir o que pode ser mudado. O Planalto n\u00e3o quer transmitir a ideia de que ser\u00e1 um texto imposto aos parlamentares, na tentativa de evitar ainda mais desgaste. O presidente da C\u00e2mara, Rodrigo Maia, evitou dar uma previs\u00e3o para vota\u00e7\u00e3o. \u201cO tempo n\u00e3o depende da nossa vontade, depende das nossas condi\u00e7\u00f5es de voto. Se tivesse voto, votava at\u00e9 amanh\u00e3, mas n\u00e3o tem\u201d, alertou.<\/p>\n<p>T\u00e9cnicos da \u00e1rea econ\u00f4mica tamb\u00e9m j\u00e1 est\u00e3o fazendo c\u00e1lculos da perda de economia com uma proposta menor. Meirelles passou o dia em conversas com l\u00edderes do Congresso, defendendo a necessidade da reforma. E admitiu as dificuldades. \u201cS\u00f3 vamos saber (se h\u00e1 chance de aprova\u00e7\u00e3o) de fato durante o processo de vota\u00e7\u00e3o. Existem diferen\u00e7as de posi\u00e7\u00e3o: na reuni\u00e3o com os l\u00edderes da C\u00e2mara, alguns acharam dif\u00edcil, outros acharam que \u00e9 poss\u00edvel.\u201d<\/p>\n<p>O ceticismo na C\u00e2mara dos Deputados em torno da possibilidade de aprova\u00e7\u00e3o antes das elei\u00e7\u00f5es \u00e9 ainda grande. Nos corredores, a brincadeira entre os parlamentares \u00e9 que o \u201czumbi voltou a andar\u201d.<\/p>\n<p><strong>CARIRI EM A\u00c7\u00c3O<\/strong><\/p>\n<p><em>Com Veja \/Foto: Google\u00a0\u00a0 <\/em><\/p>\n<p><strong>Leia mais not\u00edcias em\u00a0<\/strong><a href=\"http:\/\/www.caririemacao.com\/\"><strong>caririemacao.com<\/strong><\/a><strong>, siga nossa p\u00e1gina no\u00a0<\/strong><a href=\"https:\/\/www.facebook.com\/CaririEmAcao\/?ref=aymt_homepage_panel\"><strong>Facebook<\/strong><\/a>,<strong>\u00a0<\/strong><a href=\"https:\/\/www.instagram.com\/cariri_em_acao\/?hl=pt-br\"><strong>Instagram<\/strong><\/a><strong>\u00a0e <\/strong><a href=\"https:\/\/www.youtube.com\/channel\/UCAptA0jQuYQy8vMhLt2m4qg\"><strong>Youtube<\/strong><\/a><strong>\u00a0e veja nossas mat\u00e9rias, v\u00eddeos e fotos. Voc\u00ea tamb\u00e9m pode enviar informa\u00e7\u00f5es \u00e0 Reda\u00e7\u00e3o do Portal Cariri em A\u00e7\u00e3o pelo WhatsApp (83) 9 9634.5791, (83) 9 9601-1162.<\/strong><\/p>\n<\/section>\n","protected":false},"excerpt":{"rendered":"<p>O governo vai partir para o tudo ou nada na reforma da Previd\u00eancia. Mesmo correndo o risco de derrota, Michel Temer decidiu, com o ministro&hellip; <\/p>\n","protected":false},"author":2,"featured_media":32763,"comment_status":"closed","ping_status":"closed","sticky":false,"template":"","format":"standard","meta":{"sfsi_plus_gutenberg_text_before_share":"","sfsi_plus_gutenberg_show_text_before_share":"","sfsi_plus_gutenberg_icon_type":"","sfsi_plus_gutenberg_icon_alignemt":"","sfsi_plus_gutenburg_max_per_row":"","footnotes":""},"categories":[11],"tags":[],"class_list":["post-32762","post","type-post","status-publish","format-standard","has-post-thumbnail","hentry","category-politica"],"_links":{"self":[{"href":"https:\/\/www.caririemacao.com\/1\/wp-json\/wp\/v2\/posts\/32762","targetHints":{"allow":["GET"]}}],"collection":[{"href":"https:\/\/www.caririemacao.com\/1\/wp-json\/wp\/v2\/posts"}],"about":[{"href":"https:\/\/www.caririemacao.com\/1\/wp-json\/wp\/v2\/types\/post"}],"author":[{"embeddable":true,"href":"https:\/\/www.caririemacao.com\/1\/wp-json\/wp\/v2\/users\/2"}],"replies":[{"embeddable":true,"href":"https:\/\/www.caririemacao.com\/1\/wp-json\/wp\/v2\/comments?post=32762"}],"version-history":[{"count":0,"href":"https:\/\/www.caririemacao.com\/1\/wp-json\/wp\/v2\/posts\/32762\/revisions"}],"wp:featuredmedia":[{"embeddable":true,"href":"https:\/\/www.caririemacao.com\/1\/wp-json\/wp\/v2\/media\/32763"}],"wp:attachment":[{"href":"https:\/\/www.caririemacao.com\/1\/wp-json\/wp\/v2\/media?parent=32762"}],"wp:term":[{"taxonomy":"category","embeddable":true,"href":"https:\/\/www.caririemacao.com\/1\/wp-json\/wp\/v2\/categories?post=32762"},{"taxonomy":"post_tag","embeddable":true,"href":"https:\/\/www.caririemacao.com\/1\/wp-json\/wp\/v2\/tags?post=32762"}],"curies":[{"name":"wp","href":"https:\/\/api.w.org\/{rel}","templated":true}]}}