{"id":32766,"date":"2017-11-09T10:22:42","date_gmt":"2017-11-09T13:22:42","guid":{"rendered":"http:\/\/caririemacao.com\/1\/?p=32766"},"modified":"2017-11-09T10:22:42","modified_gmt":"2017-11-09T13:22:42","slug":"tribunal-de-contas-da-pb-anuncia-concurso-com-20-vagas-e-remuneracao-de-mais-de-r-13-mil","status":"publish","type":"post","link":"https:\/\/www.caririemacao.com\/1\/2017\/11\/09\/tribunal-de-contas-da-pb-anuncia-concurso-com-20-vagas-e-remuneracao-de-mais-de-r-13-mil\/","title":{"rendered":"Tribunal de Contas da PB anuncia concurso com 20 vagas e remunera\u00e7\u00e3o de mais de R$ 13 mil"},"content":{"rendered":"<p>O Tribunal de Contas do Estado da Para\u00edba (TCE-PB) publicou o edital de abertura de concurso p\u00fablico o preenchimento de 20 vagas em cargos efetivos de n\u00edvel superior e m\u00e9dio. Para todos os cargos oferecidos, os profissionais devem cumprir jornada de trabalho de 40h e as remunera\u00e7\u00f5es variam de R$ 5.519,61. a R$ 13.002,03. As inscri\u00e7\u00f5es come\u00e7am no dia 14 de novembro.\u00a0<strong><a href=\"http:\/\/portalcorreio.com.br\/obj\/11\/179570.pdf\" target=\"_blank\" rel=\"external noopener\"><img decoding=\"async\" id=\"179570\" title=\"Edital do TCE\" data-src=\"http:\/\/portalcorreio.com.br\/img\/objectTypes\/pdf.gif\" alt=\"Edital do TCE\" src=\"data:image\/svg+xml;base64,PHN2ZyB3aWR0aD0iMSIgaGVpZ2h0PSIxIiB4bWxucz0iaHR0cDovL3d3dy53My5vcmcvMjAwMC9zdmciPjwvc3ZnPg==\" class=\"lazyload\" \/><\/a><\/strong><\/p>\n<p>As oportunidades est\u00e3o distribu\u00eddas em apenas duas fun\u00e7\u00f5es: 15 vagas para auditor de contas p\u00fablicas (n\u00edvel Superior) e cinco vagas para agente de documenta\u00e7\u00e3o (n\u00edvel M\u00e9dio). As inscri\u00e7\u00f5es v\u00e3o at\u00e9 o dia 29 de novembro e custam R$ 80 para a prova para agente de documenta\u00e7\u00e3o. J\u00e1 o candidato para a prova para auditor de contas p\u00fablicas ter\u00e1 que desembolsar R$ 120 para se inscrever.<\/p>\n<p>A prova objetiva e a prova discursiva para o cardo de agente de documenta\u00e7\u00e3o ter\u00e3o a dura\u00e7\u00e3o de quatro horas e ser\u00e3o aplicadas na data prov\u00e1vel de 13 de janeiro de 2018, no turno da tarde.<\/p>\n<p>J\u00e1 para o cargo de auditor de contas p\u00fablicas, as provas ser\u00e3o na data prov\u00e1vel de 14 de janeiro. No turno da manh\u00e3 ser\u00e1 realizada a prova objetiva, com dura\u00e7\u00e3o de cinco horas, enquanto que \u00e0 tarde ser\u00e1 realizada a prova discursiva, com dura\u00e7\u00e3o de duas horas.<\/p>\n<p><strong>CARIRI EM A\u00c7\u00c3O<\/strong><\/p>\n<p><em>Com Portal Correio\/Foto: Google\u00a0\u00a0 <\/em><\/p>\n<p><strong>Leia mais not\u00edcias em\u00a0<\/strong><a href=\"http:\/\/www.caririemacao.com\/\"><strong>caririemacao.com<\/strong><\/a><strong>, siga nossa p\u00e1gina no\u00a0<\/strong><a href=\"https:\/\/www.facebook.com\/CaririEmAcao\/?ref=aymt_homepage_panel\"><strong>Facebook<\/strong><\/a>,<strong>\u00a0<\/strong><a href=\"https:\/\/www.instagram.com\/cariri_em_acao\/?hl=pt-br\"><strong>Instagram<\/strong><\/a><strong>\u00a0e <\/strong><a href=\"https:\/\/www.youtube.com\/channel\/UCAptA0jQuYQy8vMhLt2m4qg\"><strong>Youtube<\/strong><\/a><strong>\u00a0e veja nossas mat\u00e9rias, v\u00eddeos e fotos. Voc\u00ea tamb\u00e9m pode enviar informa\u00e7\u00f5es \u00e0 Reda\u00e7\u00e3o do Portal Cariri em A\u00e7\u00e3o pelo WhatsApp (83) 9 9634.5791, (83) 9 9601-1162.<\/strong><\/p>\n","protected":false},"excerpt":{"rendered":"<p>O Tribunal de Contas do Estado da Para\u00edba (TCE-PB) publicou o edital de abertura de concurso p\u00fablico o preenchimento de 20 vagas em cargos efetivos&hellip; <\/p>\n","protected":false},"author":2,"featured_media":9527,"comment_status":"closed","ping_status":"closed","sticky":false,"template":"","format":"standard","meta":{"sfsi_plus_gutenberg_text_before_share":"","sfsi_plus_gutenberg_show_text_before_share":"","sfsi_plus_gutenberg_icon_type":"","sfsi_plus_gutenberg_icon_alignemt":"","sfsi_plus_gutenburg_max_per_row":"","footnotes":""},"categories":[2],"tags":[],"class_list":["post-32766","post","type-post","status-publish","format-standard","has-post-thumbnail","hentry","category-geral"],"_links":{"self":[{"href":"https:\/\/www.caririemacao.com\/1\/wp-json\/wp\/v2\/posts\/32766","targetHints":{"allow":["GET"]}}],"collection":[{"href":"https:\/\/www.caririemacao.com\/1\/wp-json\/wp\/v2\/posts"}],"about":[{"href":"https:\/\/www.caririemacao.com\/1\/wp-json\/wp\/v2\/types\/post"}],"author":[{"embeddable":true,"href":"https:\/\/www.caririemacao.com\/1\/wp-json\/wp\/v2\/users\/2"}],"replies":[{"embeddable":true,"href":"https:\/\/www.caririemacao.com\/1\/wp-json\/wp\/v2\/comments?post=32766"}],"version-history":[{"count":0,"href":"https:\/\/www.caririemacao.com\/1\/wp-json\/wp\/v2\/posts\/32766\/revisions"}],"wp:featuredmedia":[{"embeddable":true,"href":"https:\/\/www.caririemacao.com\/1\/wp-json\/wp\/v2\/media\/9527"}],"wp:attachment":[{"href":"https:\/\/www.caririemacao.com\/1\/wp-json\/wp\/v2\/media?parent=32766"}],"wp:term":[{"taxonomy":"category","embeddable":true,"href":"https:\/\/www.caririemacao.com\/1\/wp-json\/wp\/v2\/categories?post=32766"},{"taxonomy":"post_tag","embeddable":true,"href":"https:\/\/www.caririemacao.com\/1\/wp-json\/wp\/v2\/tags?post=32766"}],"curies":[{"name":"wp","href":"https:\/\/api.w.org\/{rel}","templated":true}]}}