{"id":32768,"date":"2017-11-09T10:25:47","date_gmt":"2017-11-09T13:25:47","guid":{"rendered":"http:\/\/caririemacao.com\/1\/?p=32768"},"modified":"2017-11-09T10:25:47","modified_gmt":"2017-11-09T13:25:47","slug":"audiencia-publica-debate-fiscalizacao-do-horario-politico-no-radio-e-na-tv","status":"publish","type":"post","link":"https:\/\/www.caririemacao.com\/1\/2017\/11\/09\/audiencia-publica-debate-fiscalizacao-do-horario-politico-no-radio-e-na-tv\/","title":{"rendered":"Audi\u00eancia P\u00fablica debate fiscaliza\u00e7\u00e3o do hor\u00e1rio pol\u00edtico no r\u00e1dio e na TV"},"content":{"rendered":"<p>O Tribunal Superior Eleitoral (TSE) vai realizar uma Audi\u00eancia P\u00fablica para falar sobre a fiscaliza\u00e7\u00e3o do tempo de exposi\u00e7\u00e3o de candidatos no r\u00e1dio e na televis\u00e3o (hor\u00e1rio pol\u00edtico gratuito e obrigat\u00f3rio) na pr\u00f3xima quinta-feira (9).<\/p>\n<p>O objetivo da audi\u00eancia \u00e9 debater junto \u00e0 sociedade as formas de garantir o pluralismo pol\u00edtico evitando abusos ou ilegalidades. Um dos temas a ser discutido \u00e9 a necessidade de um \u00f3rg\u00e3o estatal de controle das programa\u00e7\u00f5es.<\/p>\n<p>Os debates s\u00e3o totalmente abertos e visam atender o artigo 9 da Lei de Acesso \u00e0 Informa\u00e7\u00e3o (Lei n\u00ba 12.527\/2011). Ap\u00f3s as discuss\u00f5es, ser\u00e3o elaborados relat\u00f3rios para subsidiar eventuais altera\u00e7\u00f5es na legisla\u00e7\u00e3o eleitoral.<\/p>\n<p>O presidente do TSE, ministro Gilmar Mendes, participar\u00e1 da abertura da audi\u00eancia, que ser\u00e1 comandada pelo ouvidor do TSE, Ali Mazloum. Tamb\u00e9m participar\u00e3o o jurista franc\u00eas Jean-Philippe Rivaud, magistrado da Fran\u00e7a de liga\u00e7\u00e3o para Brasil, Guiana e Suriname; o presidente da Abert (Associa\u00e7\u00e3o Brasileira de Emissoras de R\u00e1dio e Televis\u00e3o), Paulo Tonet; o governador do Maranh\u00e3o, Fl\u00e1vio Dino; e o diretor executivo da ONG Transpar\u00eancia Brasil, Manoel Galdino.<\/p>\n<p>Para participar, basta se inscrever\u00a0<strong><a href=\"http:\/\/www.tse.jus.br\/eventostse\/eventoAction.do?acao=exibirTelaApenasEventos&amp;id=25533&amp;sub\" target=\"_blank\" rel=\"noopener\">aqui<\/a>.<\/strong><\/p>\n<p>As pessoas que assistirem ao debate presencial ter\u00e3o direito a certificado. Para receber o certificado \u00e9 imprescind\u00edvel que seja feita a inscri\u00e7\u00e3o pr\u00e9via, at\u00e9 a v\u00e9spera da audi\u00eancia.<\/p>\n<p>Quem n\u00e3o puder participar pessoalmente, poder\u00e1 acompanhar as discuss\u00f5es por meio do\u00a0<strong><a href=\"https:\/\/www.youtube.com\/justicaeleitoral\" target=\"_blank\" rel=\"noopener\">canal do TSE no YouTube<\/a>.<\/strong><\/p>\n<p><strong>CARIRI EM A\u00c7\u00c3O<\/strong><\/p>\n<p><em>Com Portal Correio \/Foto:Google\u00a0\u00a0 <\/em><\/p>\n<p><strong>Leia mais not\u00edcias em\u00a0<\/strong><a href=\"http:\/\/www.caririemacao.com\/\"><strong>caririemacao.com<\/strong><\/a><strong>, siga nossa p\u00e1gina no\u00a0<\/strong><a href=\"https:\/\/www.facebook.com\/CaririEmAcao\/?ref=aymt_homepage_panel\"><strong>Facebook<\/strong><\/a>,<strong>\u00a0<\/strong><a href=\"https:\/\/www.instagram.com\/cariri_em_acao\/?hl=pt-br\"><strong>Instagram<\/strong><\/a><strong>\u00a0e <\/strong><a href=\"https:\/\/www.youtube.com\/channel\/UCAptA0jQuYQy8vMhLt2m4qg\"><strong>Youtube<\/strong><\/a><strong>\u00a0e veja nossas mat\u00e9rias, v\u00eddeos e fotos. Voc\u00ea tamb\u00e9m pode enviar informa\u00e7\u00f5es \u00e0 Reda\u00e7\u00e3o do Portal Cariri em A\u00e7\u00e3o pelo WhatsApp (83) 9 9634.5791, (83) 9 9601-1162.<\/strong><\/p>\n","protected":false},"excerpt":{"rendered":"<p>O Tribunal Superior Eleitoral (TSE) vai realizar uma Audi\u00eancia P\u00fablica para falar sobre a fiscaliza\u00e7\u00e3o do tempo de exposi\u00e7\u00e3o de candidatos no r\u00e1dio e na&hellip; <\/p>\n","protected":false},"author":2,"featured_media":30457,"comment_status":"closed","ping_status":"closed","sticky":false,"template":"","format":"standard","meta":{"sfsi_plus_gutenberg_text_before_share":"","sfsi_plus_gutenberg_show_text_before_share":"","sfsi_plus_gutenberg_icon_type":"","sfsi_plus_gutenberg_icon_alignemt":"","sfsi_plus_gutenburg_max_per_row":"","footnotes":""},"categories":[11],"tags":[],"class_list":["post-32768","post","type-post","status-publish","format-standard","has-post-thumbnail","hentry","category-politica"],"_links":{"self":[{"href":"https:\/\/www.caririemacao.com\/1\/wp-json\/wp\/v2\/posts\/32768","targetHints":{"allow":["GET"]}}],"collection":[{"href":"https:\/\/www.caririemacao.com\/1\/wp-json\/wp\/v2\/posts"}],"about":[{"href":"https:\/\/www.caririemacao.com\/1\/wp-json\/wp\/v2\/types\/post"}],"author":[{"embeddable":true,"href":"https:\/\/www.caririemacao.com\/1\/wp-json\/wp\/v2\/users\/2"}],"replies":[{"embeddable":true,"href":"https:\/\/www.caririemacao.com\/1\/wp-json\/wp\/v2\/comments?post=32768"}],"version-history":[{"count":0,"href":"https:\/\/www.caririemacao.com\/1\/wp-json\/wp\/v2\/posts\/32768\/revisions"}],"wp:featuredmedia":[{"embeddable":true,"href":"https:\/\/www.caririemacao.com\/1\/wp-json\/wp\/v2\/media\/30457"}],"wp:attachment":[{"href":"https:\/\/www.caririemacao.com\/1\/wp-json\/wp\/v2\/media?parent=32768"}],"wp:term":[{"taxonomy":"category","embeddable":true,"href":"https:\/\/www.caririemacao.com\/1\/wp-json\/wp\/v2\/categories?post=32768"},{"taxonomy":"post_tag","embeddable":true,"href":"https:\/\/www.caririemacao.com\/1\/wp-json\/wp\/v2\/tags?post=32768"}],"curies":[{"name":"wp","href":"https:\/\/api.w.org\/{rel}","templated":true}]}}