{"id":32834,"date":"2017-11-08T08:23:56","date_gmt":"2017-11-08T11:23:56","guid":{"rendered":"http:\/\/caririemacao.com\/1\/?p=32834"},"modified":"2017-11-10T17:54:19","modified_gmt":"2017-11-10T20:54:19","slug":"assinatura-da-ordem-de-servico-de-recuperacao-do-acude-ze-tourinho-acontece-hoje-10","status":"publish","type":"post","link":"https:\/\/www.caririemacao.com\/1\/2017\/11\/08\/assinatura-da-ordem-de-servico-de-recuperacao-do-acude-ze-tourinho-acontece-hoje-10\/","title":{"rendered":"Assinatura da ordem de servi\u00e7o de recupera\u00e7\u00e3o do a\u00e7ude  Z\u00e9 Tourinho acontece hoje (10)"},"content":{"rendered":"<p style=\"font-weight: 400;\">O prefeito de Camala\u00fa, Alecsandro Bezerra (Sandro M\u00f4co), convida toda a popula\u00e7\u00e3o camalauense para participar Logo mais as 11 horas da manh\u00e3,\u00a0 no balne\u00e1rio p\u00fablico, da assinatura da ordem de servi\u00e7o de recupera\u00e7\u00e3o e moderniza\u00e7\u00e3o da barragem p\u00fablica de Camala\u00fa (Barragem Z\u00e9 Tourinho).<\/p>\n<p style=\"font-weight: 400;\">Estar\u00e3o presentes diversas lideran\u00e7as pol\u00edticas do estado da Para\u00edba e da Regi\u00e3o, assim como tamb\u00e9m todo corpo diretivo do DNOCS.<\/p>\n<p><strong>CARIRI EM A\u00c7\u00c3O<\/strong><\/p>\n<p><em>Cariri em A\u00e7\u00e3o com DSC\/Foto: Reprodu\u00e7\u00e3o, Divulga\u00e7\u00e3o, Google\u00a0\u00a0 <\/em><\/p>\n<p><strong>Leia mais not\u00edcias em\u00a0<\/strong><a href=\"http:\/\/www.caririemacao.com\/\"><strong>caririemacao.com<\/strong><\/a><strong>, siga nossa p\u00e1gina no\u00a0<\/strong><a href=\"https:\/\/www.facebook.com\/CaririEmAcao\/?ref=aymt_homepage_panel\"><strong>Facebook<\/strong><\/a>,<strong>\u00a0<\/strong><a href=\"https:\/\/www.instagram.com\/cariri_em_acao\/?hl=pt-br\"><strong>Instagram<\/strong><\/a><strong>\u00a0e <\/strong><a href=\"https:\/\/www.youtube.com\/channel\/UCAptA0jQuYQy8vMhLt2m4qg\"><strong>Youtube<\/strong><\/a><strong>\u00a0e veja nossas mat\u00e9rias, v\u00eddeos e fotos. Voc\u00ea tamb\u00e9m pode enviar informa\u00e7\u00f5es \u00e0 Reda\u00e7\u00e3o do Portal Cariri em A\u00e7\u00e3o pelo WhatsApp (83) 9 9634.5791, (83) 9 9601-1162.<\/strong><\/p>\n<p style=\"font-weight: 400;\">\n","protected":false},"excerpt":{"rendered":"<p>O prefeito de Camala\u00fa, Alecsandro Bezerra (Sandro M\u00f4co), convida toda a popula\u00e7\u00e3o camalauense para participar Logo mais as 11 horas da manh\u00e3,\u00a0 no balne\u00e1rio p\u00fablico,&hellip; <\/p>\n","protected":false},"author":2,"featured_media":15964,"comment_status":"closed","ping_status":"closed","sticky":false,"template":"","format":"standard","meta":{"sfsi_plus_gutenberg_text_before_share":"","sfsi_plus_gutenberg_show_text_before_share":"","sfsi_plus_gutenberg_icon_type":"","sfsi_plus_gutenberg_icon_alignemt":"","sfsi_plus_gutenburg_max_per_row":"","footnotes":""},"categories":[6],"tags":[],"class_list":["post-32834","post","type-post","status-publish","format-standard","has-post-thumbnail","hentry","category-cidades"],"_links":{"self":[{"href":"https:\/\/www.caririemacao.com\/1\/wp-json\/wp\/v2\/posts\/32834","targetHints":{"allow":["GET"]}}],"collection":[{"href":"https:\/\/www.caririemacao.com\/1\/wp-json\/wp\/v2\/posts"}],"about":[{"href":"https:\/\/www.caririemacao.com\/1\/wp-json\/wp\/v2\/types\/post"}],"author":[{"embeddable":true,"href":"https:\/\/www.caririemacao.com\/1\/wp-json\/wp\/v2\/users\/2"}],"replies":[{"embeddable":true,"href":"https:\/\/www.caririemacao.com\/1\/wp-json\/wp\/v2\/comments?post=32834"}],"version-history":[{"count":0,"href":"https:\/\/www.caririemacao.com\/1\/wp-json\/wp\/v2\/posts\/32834\/revisions"}],"wp:featuredmedia":[{"embeddable":true,"href":"https:\/\/www.caririemacao.com\/1\/wp-json\/wp\/v2\/media\/15964"}],"wp:attachment":[{"href":"https:\/\/www.caririemacao.com\/1\/wp-json\/wp\/v2\/media?parent=32834"}],"wp:term":[{"taxonomy":"category","embeddable":true,"href":"https:\/\/www.caririemacao.com\/1\/wp-json\/wp\/v2\/categories?post=32834"},{"taxonomy":"post_tag","embeddable":true,"href":"https:\/\/www.caririemacao.com\/1\/wp-json\/wp\/v2\/tags?post=32834"}],"curies":[{"name":"wp","href":"https:\/\/api.w.org\/{rel}","templated":true}]}}