{"id":32840,"date":"2017-11-10T08:40:17","date_gmt":"2017-11-10T11:40:17","guid":{"rendered":"http:\/\/caririemacao.com\/1\/?p=32840"},"modified":"2017-11-10T08:40:17","modified_gmt":"2017-11-10T11:40:17","slug":"rebeliao-em-presidio-dura-mais-de-15-horas","status":"publish","type":"post","link":"https:\/\/www.caririemacao.com\/1\/2017\/11\/10\/rebeliao-em-presidio-dura-mais-de-15-horas\/","title":{"rendered":"Rebeli\u00e3o em pres\u00eddio dura mais de 15 horas"},"content":{"rendered":"<p>J\u00e1 dura mais de 15 horas a rebeli\u00e3o na Penitenci\u00e1ria Estadual de Cascavel, no Paran\u00e1. Os presos tomaram parte da unidade prisional pouco depois das 15h dessa quinta-feira (9), quando fizeram tr\u00eas agentes penitenci\u00e1rios ref\u00e9ns.<\/p>\n<p>De acordo com a Pol\u00edcia Militar (PM) em Cascavel, h\u00e1 informa\u00e7\u00f5es de um preso morto. Ele teria sido assassinado pelos detentos rebelados. Durante a noite foram ouvidos barulho de tiros no interior da unidade.<\/p>\n<p>Dois agentes penitenci\u00e1rios permanecem em poder dos presos. O terceiro foi liberado com v\u00e1rios ferimentos ainda na tarde de ontem, segundo a PM.<\/p>\n<p>Os detentos ocupam parte do telhado do pres\u00eddio. Enquanto as for\u00e7as de seguran\u00e7a mant\u00eam um cerco ao local. Uma equipe do Corpo de Bombeiros tamb\u00e9m est\u00e1 no pres\u00eddio.<\/p>\n<p><strong>CARIRI EM A\u00c7\u00c3O<\/strong><\/p>\n<p><em>Com Ag\u00eancia Brasil\/Foto: Google\u00a0\u00a0 <\/em><\/p>\n<p><strong>Leia mais not\u00edcias em\u00a0<\/strong><a href=\"http:\/\/www.caririemacao.com\/\"><strong>caririemacao.com<\/strong><\/a><strong>, siga nossa p\u00e1gina no\u00a0<\/strong><a href=\"https:\/\/www.facebook.com\/CaririEmAcao\/?ref=aymt_homepage_panel\"><strong>Facebook<\/strong><\/a>,<strong>\u00a0<\/strong><a href=\"https:\/\/www.instagram.com\/cariri_em_acao\/?hl=pt-br\"><strong>Instagram<\/strong><\/a><strong>\u00a0e <\/strong><a href=\"https:\/\/www.youtube.com\/channel\/UCAptA0jQuYQy8vMhLt2m4qg\"><strong>Youtube<\/strong><\/a><strong>\u00a0e veja nossas mat\u00e9rias, v\u00eddeos e fotos. Voc\u00ea tamb\u00e9m pode enviar informa\u00e7\u00f5es \u00e0 Reda\u00e7\u00e3o do Portal Cariri em A\u00e7\u00e3o pelo WhatsApp (83) 9 9634.5791, (83) 9 9601-1162.<\/strong><\/p>\n","protected":false},"excerpt":{"rendered":"<p>J\u00e1 dura mais de 15 horas a rebeli\u00e3o na Penitenci\u00e1ria Estadual de Cascavel, no Paran\u00e1. Os presos tomaram parte da unidade prisional pouco depois das&hellip; <\/p>\n","protected":false},"author":2,"featured_media":32841,"comment_status":"closed","ping_status":"closed","sticky":false,"template":"","format":"standard","meta":{"sfsi_plus_gutenberg_text_before_share":"","sfsi_plus_gutenberg_show_text_before_share":"","sfsi_plus_gutenberg_icon_type":"","sfsi_plus_gutenberg_icon_alignemt":"","sfsi_plus_gutenburg_max_per_row":"","footnotes":""},"categories":[12],"tags":[],"class_list":["post-32840","post","type-post","status-publish","format-standard","has-post-thumbnail","hentry","category-policia"],"_links":{"self":[{"href":"https:\/\/www.caririemacao.com\/1\/wp-json\/wp\/v2\/posts\/32840","targetHints":{"allow":["GET"]}}],"collection":[{"href":"https:\/\/www.caririemacao.com\/1\/wp-json\/wp\/v2\/posts"}],"about":[{"href":"https:\/\/www.caririemacao.com\/1\/wp-json\/wp\/v2\/types\/post"}],"author":[{"embeddable":true,"href":"https:\/\/www.caririemacao.com\/1\/wp-json\/wp\/v2\/users\/2"}],"replies":[{"embeddable":true,"href":"https:\/\/www.caririemacao.com\/1\/wp-json\/wp\/v2\/comments?post=32840"}],"version-history":[{"count":0,"href":"https:\/\/www.caririemacao.com\/1\/wp-json\/wp\/v2\/posts\/32840\/revisions"}],"wp:featuredmedia":[{"embeddable":true,"href":"https:\/\/www.caririemacao.com\/1\/wp-json\/wp\/v2\/media\/32841"}],"wp:attachment":[{"href":"https:\/\/www.caririemacao.com\/1\/wp-json\/wp\/v2\/media?parent=32840"}],"wp:term":[{"taxonomy":"category","embeddable":true,"href":"https:\/\/www.caririemacao.com\/1\/wp-json\/wp\/v2\/categories?post=32840"},{"taxonomy":"post_tag","embeddable":true,"href":"https:\/\/www.caririemacao.com\/1\/wp-json\/wp\/v2\/tags?post=32840"}],"curies":[{"name":"wp","href":"https:\/\/api.w.org\/{rel}","templated":true}]}}