{"id":32843,"date":"2017-11-10T08:47:02","date_gmt":"2017-11-10T11:47:02","guid":{"rendered":"http:\/\/caririemacao.com\/1\/?p=32843"},"modified":"2017-11-10T08:47:02","modified_gmt":"2017-11-10T11:47:02","slug":"cassio-critica-decisao-de-aecio-em-retirar-tasso-do-comando-do-psdb","status":"publish","type":"post","link":"https:\/\/www.caririemacao.com\/1\/2017\/11\/10\/cassio-critica-decisao-de-aecio-em-retirar-tasso-do-comando-do-psdb\/","title":{"rendered":"C\u00e1ssio critica decis\u00e3o de A\u00e9cio em retirar Tasso do comando do PSDB"},"content":{"rendered":"<p>O senador C\u00e1ssio Cunha Lima (PSDB), que recentemente declarou apoio a candidatura do senador Tasso Jereissati (PSDB-CE) na disputa pelo comando do partido, n\u00e3o se contentou com a retirada do cearense da presid\u00eancia interina do ninho tucano.<\/p>\n<p>Em contato com o C\u00e1ssio sinalizou que a decis\u00e3o de A\u00e9cio Neves (PSDB-MG) acabar\u00e1 fortalecendo o nome de Tasso na disputa pelo partido.<\/p>\n<p>\u201cA decis\u00e3o \u00e9 um grande equ\u00edvoco, contudo fortalecer\u00e1 ainda mais Tasso e o movimento que ele representa\u201d, ponderou.<\/p>\n<p>C\u00e1ssio ainda n\u00e3o descartou a possibilidade de fazer parte da chapa encabe\u00e7ada por Tasso na disputa interna, mas independente disso, continuar\u00e1 apoiando a sua candidatura.<\/p>\n<p><strong>CARIRI EM A\u00c7\u00c3O<\/strong><\/p>\n<p><em>Com MaisPB \/Foto: Google\u00a0\u00a0 <\/em><\/p>\n<p><strong>Leia mais not\u00edcias em\u00a0<\/strong><a href=\"http:\/\/www.caririemacao.com\/\"><strong>caririemacao.com<\/strong><\/a><strong>, siga nossa p\u00e1gina no\u00a0<\/strong><a href=\"https:\/\/www.facebook.com\/CaririEmAcao\/?ref=aymt_homepage_panel\"><strong>Facebook<\/strong><\/a>,<strong>\u00a0<\/strong><a href=\"https:\/\/www.instagram.com\/cariri_em_acao\/?hl=pt-br\"><strong>Instagram<\/strong><\/a><strong>\u00a0e <\/strong><a href=\"https:\/\/www.youtube.com\/channel\/UCAptA0jQuYQy8vMhLt2m4qg\"><strong>Youtube<\/strong><\/a><strong>\u00a0e veja nossas mat\u00e9rias, v\u00eddeos e fotos. Voc\u00ea tamb\u00e9m pode enviar informa\u00e7\u00f5es \u00e0 Reda\u00e7\u00e3o do Portal Cariri em A\u00e7\u00e3o pelo WhatsApp (83) 9 9634.5791, (83) 9 9601-1162.<\/strong><\/p>\n","protected":false},"excerpt":{"rendered":"<p>O senador C\u00e1ssio Cunha Lima (PSDB), que recentemente declarou apoio a candidatura do senador Tasso Jereissati (PSDB-CE) na disputa pelo comando do partido, n\u00e3o se&hellip; <\/p>\n","protected":false},"author":2,"featured_media":32758,"comment_status":"closed","ping_status":"closed","sticky":false,"template":"","format":"standard","meta":{"sfsi_plus_gutenberg_text_before_share":"","sfsi_plus_gutenberg_show_text_before_share":"","sfsi_plus_gutenberg_icon_type":"","sfsi_plus_gutenberg_icon_alignemt":"","sfsi_plus_gutenburg_max_per_row":"","footnotes":""},"categories":[11],"tags":[],"class_list":["post-32843","post","type-post","status-publish","format-standard","has-post-thumbnail","hentry","category-politica"],"_links":{"self":[{"href":"https:\/\/www.caririemacao.com\/1\/wp-json\/wp\/v2\/posts\/32843","targetHints":{"allow":["GET"]}}],"collection":[{"href":"https:\/\/www.caririemacao.com\/1\/wp-json\/wp\/v2\/posts"}],"about":[{"href":"https:\/\/www.caririemacao.com\/1\/wp-json\/wp\/v2\/types\/post"}],"author":[{"embeddable":true,"href":"https:\/\/www.caririemacao.com\/1\/wp-json\/wp\/v2\/users\/2"}],"replies":[{"embeddable":true,"href":"https:\/\/www.caririemacao.com\/1\/wp-json\/wp\/v2\/comments?post=32843"}],"version-history":[{"count":0,"href":"https:\/\/www.caririemacao.com\/1\/wp-json\/wp\/v2\/posts\/32843\/revisions"}],"wp:featuredmedia":[{"embeddable":true,"href":"https:\/\/www.caririemacao.com\/1\/wp-json\/wp\/v2\/media\/32758"}],"wp:attachment":[{"href":"https:\/\/www.caririemacao.com\/1\/wp-json\/wp\/v2\/media?parent=32843"}],"wp:term":[{"taxonomy":"category","embeddable":true,"href":"https:\/\/www.caririemacao.com\/1\/wp-json\/wp\/v2\/categories?post=32843"},{"taxonomy":"post_tag","embeddable":true,"href":"https:\/\/www.caririemacao.com\/1\/wp-json\/wp\/v2\/tags?post=32843"}],"curies":[{"name":"wp","href":"https:\/\/api.w.org\/{rel}","templated":true}]}}