{"id":32845,"date":"2017-11-10T08:53:21","date_gmt":"2017-11-10T11:53:21","guid":{"rendered":"http:\/\/caririemacao.com\/1\/?p=32845"},"modified":"2017-11-10T08:53:21","modified_gmt":"2017-11-10T11:53:21","slug":"luciano-huck-da-mais-um-passo-para-ser-candidato","status":"publish","type":"post","link":"https:\/\/www.caririemacao.com\/1\/2017\/11\/10\/luciano-huck-da-mais-um-passo-para-ser-candidato\/","title":{"rendered":"Luciano Huck d\u00e1 mais um passo para ser candidato"},"content":{"rendered":"<p>O apresentador de televis\u00e3o Luciano Huck reuniu-se, no final da tarde desta quinta, no Rio de Janeiro, com o deputado Roberto Freire (SP), presidente do PPS, e o ministro Raul Julgman, da Defesa, tamb\u00e9m do PPS.<\/p>\n<p>Foi na casa do economista Arm\u00ednio Fraga, ex-presidente do Banco Central no governo de Fernando Henrique Cardoso (PSDB).<\/p>\n<p>Discutiram a sucess\u00e3o do presidente Michel Temer e a entrada de Huck no PPS para ser candidato a presidente da Rep\u00fablica nas elei\u00e7\u00f5es do pr\u00f3ximo ano.<\/p>\n<p>Freire acredita que Huck poder\u00e1 se filiar ao PPS antes do fim do ano. Em mar\u00e7o, o PPS far\u00e1 seu congresso nacional para anunciar o nome que apoiar\u00e1 \u00e0 vaga de Temer.<\/p>\n<p>O de hoje foi o terceiro encontro de Freire com Kuck nos \u00faltimos dois meses e o segundo de Julgmann no mesmo per\u00edodo.<\/p>\n<p><strong>CARIRI EM A\u00c7\u00c3O<\/strong><\/p>\n<p><em>Com Blog do Noblat \/Foto: Google\u00a0\u00a0 <\/em><\/p>\n<p><strong>Leia mais not\u00edcias em\u00a0<\/strong><a href=\"http:\/\/www.caririemacao.com\/\"><strong>caririemacao.com<\/strong><\/a><strong>, siga nossa p\u00e1gina no\u00a0<\/strong><a href=\"https:\/\/www.facebook.com\/CaririEmAcao\/?ref=aymt_homepage_panel\"><strong>Facebook<\/strong><\/a>,<strong>\u00a0<\/strong><a href=\"https:\/\/www.instagram.com\/cariri_em_acao\/?hl=pt-br\"><strong>Instagram<\/strong><\/a><strong>\u00a0e <\/strong><a href=\"https:\/\/www.youtube.com\/channel\/UCAptA0jQuYQy8vMhLt2m4qg\"><strong>Youtube<\/strong><\/a><strong>\u00a0e veja nossas mat\u00e9rias, v\u00eddeos e fotos. Voc\u00ea tamb\u00e9m pode enviar informa\u00e7\u00f5es \u00e0 Reda\u00e7\u00e3o do Portal Cariri em A\u00e7\u00e3o pelo WhatsApp (83) 9 9634.5791, (83) 9 9601-1162.<\/strong><\/p>\n","protected":false},"excerpt":{"rendered":"<p>O apresentador de televis\u00e3o Luciano Huck reuniu-se, no final da tarde desta quinta, no Rio de Janeiro, com o deputado Roberto Freire (SP), presidente do&hellip; <\/p>\n","protected":false},"author":2,"featured_media":32846,"comment_status":"closed","ping_status":"closed","sticky":false,"template":"","format":"standard","meta":{"sfsi_plus_gutenberg_text_before_share":"","sfsi_plus_gutenberg_show_text_before_share":"","sfsi_plus_gutenberg_icon_type":"","sfsi_plus_gutenberg_icon_alignemt":"","sfsi_plus_gutenburg_max_per_row":"","footnotes":""},"categories":[1],"tags":[],"class_list":["post-32845","post","type-post","status-publish","format-standard","has-post-thumbnail","hentry","category-o-site"],"_links":{"self":[{"href":"https:\/\/www.caririemacao.com\/1\/wp-json\/wp\/v2\/posts\/32845","targetHints":{"allow":["GET"]}}],"collection":[{"href":"https:\/\/www.caririemacao.com\/1\/wp-json\/wp\/v2\/posts"}],"about":[{"href":"https:\/\/www.caririemacao.com\/1\/wp-json\/wp\/v2\/types\/post"}],"author":[{"embeddable":true,"href":"https:\/\/www.caririemacao.com\/1\/wp-json\/wp\/v2\/users\/2"}],"replies":[{"embeddable":true,"href":"https:\/\/www.caririemacao.com\/1\/wp-json\/wp\/v2\/comments?post=32845"}],"version-history":[{"count":0,"href":"https:\/\/www.caririemacao.com\/1\/wp-json\/wp\/v2\/posts\/32845\/revisions"}],"wp:featuredmedia":[{"embeddable":true,"href":"https:\/\/www.caririemacao.com\/1\/wp-json\/wp\/v2\/media\/32846"}],"wp:attachment":[{"href":"https:\/\/www.caririemacao.com\/1\/wp-json\/wp\/v2\/media?parent=32845"}],"wp:term":[{"taxonomy":"category","embeddable":true,"href":"https:\/\/www.caririemacao.com\/1\/wp-json\/wp\/v2\/categories?post=32845"},{"taxonomy":"post_tag","embeddable":true,"href":"https:\/\/www.caririemacao.com\/1\/wp-json\/wp\/v2\/tags?post=32845"}],"curies":[{"name":"wp","href":"https:\/\/api.w.org\/{rel}","templated":true}]}}