{"id":33087,"date":"2017-11-13T12:28:38","date_gmt":"2017-11-13T15:28:38","guid":{"rendered":"http:\/\/caririemacao.com\/1\/?p=33087"},"modified":"2017-11-13T12:28:38","modified_gmt":"2017-11-13T15:28:38","slug":"r-73-milhoes-quanto-custou-a-palmeiras-e-crefisa-a-lista-de-demissoes-da-mancha-verde","status":"publish","type":"post","link":"https:\/\/www.caririemacao.com\/1\/2017\/11\/13\/r-73-milhoes-quanto-custou-a-palmeiras-e-crefisa-a-lista-de-demissoes-da-mancha-verde\/","title":{"rendered":"R$ 73 milh\u00f5es: quanto custou a Palmeiras e Crefisa a &#8216;lista de demiss\u00f5es&#8217; da Mancha Verde"},"content":{"rendered":"<p>O Palmeiras venceu o Flamengo, no \u00faltimo domingo, por 2 a 0 e conseguiu amenizar os \u00e2nimos exaltados de sua torcida. Afinal, antes da partida v\u00e1lida\u00a0pela 34\u00aa rodada do Campeonato Brasileiro, a\u00a0&#8220;Mancha Verde&#8221;, principal organizada do time, realizou um protesto em sua sede para reclamar do ano de 2017 da equipe alviverde e fez uma &#8220;lista de demiss\u00f5es&#8221; que custou caro aos palestrinos.<\/p>\n<div id=\"LeiaMaisBingPredictions\" class=\"storyimage floated inlineimage\"><\/div>\n<div><\/div>\n<div class=\"storyimage floated inlineimage\">Al\u00e9m do presidente, Mauricio Gagliotti, e do diretor de futebol, Alexandre Mattos, foram 11 jogadores citados e, se somarmos quanto Palmeiras e Crefisa, princpal patrocinadora do clube, gastaram com esse time de atletas, o valor supera a casa de R$ 73 milh\u00f5es.<\/div>\n<p>O mais caro da lista \u00e9 Deyverson. O centroavante, que \u00e9 muito contestado desde sua chegada do Alav\u00e9s, da Espanha, inclusive, foi o autor dos dois gols na vit\u00f3ria sobre o Flamengo. Ele custou R$ 18,7 milh\u00f5es aos cofres da empresa, que pagou sua chegada na totalidade. At\u00e9 agora, foram apenas cinco gols marcados e duas assist\u00eancias em 17 partidas disputadas.<\/p>\n<p>Depois, aparecem juntos na lista Erik e Bruno Henrique. Tanto o atacante como o volante s\u00e3o apenas reservas do t\u00e9cnico Alberto Valentim e custaram R$ 13 milh\u00f5es, pagos a Goi\u00e1s e Palermo, da It\u00e1lia, respectivamente.<\/p>\n<p>O\u00a0zagueiro Juninho, que veio do Coritiba e j\u00e1 \u00e9 muito vaiado, custou R$ 10,2 milh\u00f5es, valor parecido com o de Luan, tamb\u00e9m defensor e ex-Vasco: R$ 10 milh\u00f5es. Contra o Fla, o primeiro perdeu posi\u00e7\u00e3o para o segundo.<\/p>\n<p>Completam a lista o atacante Roger Guedes (R$ 2,5 milh\u00f5es ao Crici\u00fama), o zagueiro Antonio Carlos (R$ 2,5 milh\u00f5es \u00e0 Ponte Preta), o lateral Fabiano (R$ 2 milh\u00f5es ao Cruzeiro) e Arouca (R$ 1,4 milh\u00e3o, referentes ao valor que o Santos lhe devia quando rescindiu seu contrato no fim de 2014), al\u00e9m do meia Michel Bastos e do lateral Eg\u00eddio que chegaram gratuitamente ao Palmeiras.<\/p>\n<p>Isso tudo sem contar o pagamento de sal\u00e1rios a esses atletas. Alguns j\u00e1 foram divulgados, como os de Eg\u00eddio (R$ 300 mil), Arouca (R$ 300 mil), Michel Bastos (R$ 280 mil), Antonio Carlos (R$ 180 mil) e Luan (R$ 160 mil).<\/p>\n<p>O Palmeiras voltar\u00e1 a campo na pr\u00f3xima quinta-feira, quando enfrenta o Sport, \u00e0s 20h (de Bras\u00edlia), no Allianz Parque, pela 35\u00aa rodada do Campeonato Brasileiro.<\/p>\n<p><strong>CARIRI EM A\u00c7\u00c3O<\/strong><\/p>\n<p><em>Com ESPN\/Foto: Google\u00a0\u00a0 <\/em><\/p>\n<p><strong>Leia mais not\u00edcias em\u00a0<\/strong><a href=\"http:\/\/www.caririemacao.com\/\"><strong>caririemacao.com<\/strong><\/a><strong>, siga nossa p\u00e1gina no\u00a0<\/strong><a href=\"https:\/\/www.facebook.com\/CaririEmAcao\/?ref=aymt_homepage_panel\"><strong>Facebook<\/strong><\/a>,<strong>\u00a0<\/strong><a href=\"https:\/\/www.instagram.com\/cariri_em_acao\/?hl=pt-br\"><strong>Instagram<\/strong><\/a><strong>\u00a0e <\/strong><a href=\"https:\/\/www.youtube.com\/channel\/UCAptA0jQuYQy8vMhLt2m4qg\"><strong>Youtube<\/strong><\/a><strong>\u00a0e veja nossas mat\u00e9rias, v\u00eddeos e fotos. Voc\u00ea tamb\u00e9m pode enviar informa\u00e7\u00f5es \u00e0 Reda\u00e7\u00e3o do Portal Cariri em A\u00e7\u00e3o pelo WhatsApp (83) 9 9634.5791, (83) 9 9601-1162.<\/strong><\/p>\n","protected":false},"excerpt":{"rendered":"<p>O Palmeiras venceu o Flamengo, no \u00faltimo domingo, por 2 a 0 e conseguiu amenizar os \u00e2nimos exaltados de sua torcida. Afinal, antes da partida&hellip; <\/p>\n","protected":false},"author":2,"featured_media":33088,"comment_status":"closed","ping_status":"closed","sticky":false,"template":"","format":"standard","meta":{"sfsi_plus_gutenberg_text_before_share":"","sfsi_plus_gutenberg_show_text_before_share":"","sfsi_plus_gutenberg_icon_type":"","sfsi_plus_gutenberg_icon_alignemt":"","sfsi_plus_gutenburg_max_per_row":"","footnotes":""},"categories":[13],"tags":[],"class_list":["post-33087","post","type-post","status-publish","format-standard","has-post-thumbnail","hentry","category-esportes"],"_links":{"self":[{"href":"https:\/\/www.caririemacao.com\/1\/wp-json\/wp\/v2\/posts\/33087","targetHints":{"allow":["GET"]}}],"collection":[{"href":"https:\/\/www.caririemacao.com\/1\/wp-json\/wp\/v2\/posts"}],"about":[{"href":"https:\/\/www.caririemacao.com\/1\/wp-json\/wp\/v2\/types\/post"}],"author":[{"embeddable":true,"href":"https:\/\/www.caririemacao.com\/1\/wp-json\/wp\/v2\/users\/2"}],"replies":[{"embeddable":true,"href":"https:\/\/www.caririemacao.com\/1\/wp-json\/wp\/v2\/comments?post=33087"}],"version-history":[{"count":0,"href":"https:\/\/www.caririemacao.com\/1\/wp-json\/wp\/v2\/posts\/33087\/revisions"}],"wp:featuredmedia":[{"embeddable":true,"href":"https:\/\/www.caririemacao.com\/1\/wp-json\/wp\/v2\/media\/33088"}],"wp:attachment":[{"href":"https:\/\/www.caririemacao.com\/1\/wp-json\/wp\/v2\/media?parent=33087"}],"wp:term":[{"taxonomy":"category","embeddable":true,"href":"https:\/\/www.caririemacao.com\/1\/wp-json\/wp\/v2\/categories?post=33087"},{"taxonomy":"post_tag","embeddable":true,"href":"https:\/\/www.caririemacao.com\/1\/wp-json\/wp\/v2\/tags?post=33087"}],"curies":[{"name":"wp","href":"https:\/\/api.w.org\/{rel}","templated":true}]}}