{"id":33097,"date":"2017-11-13T12:45:30","date_gmt":"2017-11-13T15:45:30","guid":{"rendered":"http:\/\/caririemacao.com\/1\/?p=33097"},"modified":"2017-11-13T12:45:30","modified_gmt":"2017-11-13T15:45:30","slug":"ricardo-afirma-que-oposicionistas-desconfiam-uns-dos-outros-e-revela-tentam-conversar-comigo","status":"publish","type":"post","link":"https:\/\/www.caririemacao.com\/1\/2017\/11\/13\/ricardo-afirma-que-oposicionistas-desconfiam-uns-dos-outros-e-revela-tentam-conversar-comigo\/","title":{"rendered":"Ricardo afirma que oposicionistas desconfiam uns dos outros e revela: &#8216;tentam conversar comigo&#8217;"},"content":{"rendered":"<p>Nesta segunda-feira (13), o governador Ricardo Coutinho (PSB), repercutiu os ataques a oposi\u00e7\u00e3o fez durante a conven\u00e7\u00e3o estadual do PSDB, realizada no \u00faltimo s\u00e1bado. O socialista revelou que membros do grupo oposicionistas tentam manter di\u00e1logo com ele.<\/p>\n<p>\u201cEles n\u00e3o apresentaram nada, s\u00f3 factoides, e continuam desconfiando uns dos outros. Continuam querendo conversar comigo da mesma forma e n\u00e3o acrescentaram um p\u00e9 de coentro a mais naquela reuni\u00e3o. O nosso n\u00e3o, n\u00f3s n\u00e3o perdemos, s\u00f3 ganhamos cada vez mais gente\u201d, disse.<\/p>\n<p>Em entrevista concedida ao Sistema Arapuan, o governador declarou que, caso sejam eleitos, os pol\u00edticos advers\u00e1rios destruir\u00e3o aquilo que ele construiu durante sua administra\u00e7\u00e3o. De acordo com Ricardo, quem vai definir se os avan\u00e7os realizados no estado ser\u00e1 o povo.<\/p>\n<p>\u201cEu sei que o povo n\u00e3o vai querer que eles fa\u00e7am com a rede de sa\u00fade da Para\u00edba o que fizeram com o Trauminha em Jo\u00e3o Pessoa, destru\u00edram o hospital que eu implementei. A oposi\u00e7\u00e3o vai continuar jogando cada um com o seu time para ver quem chega nas elei\u00e7\u00f5es\u201d, arrematou.<\/p>\n<p><strong>CARIRI EM A\u00c7\u00c3O<\/strong><\/p>\n<p><em>Com paraiba.com.br\/Foto:Google\u00a0\u00a0 <\/em><\/p>\n<p><strong>Leia mais not\u00edcias em\u00a0<\/strong><a href=\"http:\/\/www.caririemacao.com\/\"><strong>caririemacao.com<\/strong><\/a><strong>, siga nossa p\u00e1gina no\u00a0<\/strong><a href=\"https:\/\/www.facebook.com\/CaririEmAcao\/?ref=aymt_homepage_panel\"><strong>Facebook<\/strong><\/a>,<strong>\u00a0<\/strong><a href=\"https:\/\/www.instagram.com\/cariri_em_acao\/?hl=pt-br\"><strong>Instagram<\/strong><\/a><strong>\u00a0e <\/strong><a href=\"https:\/\/www.youtube.com\/channel\/UCAptA0jQuYQy8vMhLt2m4qg\"><strong>Youtube<\/strong><\/a><strong>\u00a0e veja nossas mat\u00e9rias, v\u00eddeos e fotos. Voc\u00ea tamb\u00e9m pode enviar informa\u00e7\u00f5es \u00e0 Reda\u00e7\u00e3o do Portal Cariri em A\u00e7\u00e3o pelo WhatsApp (83) 9 9634.5791, (83) 9 9601-1162.<\/strong><\/p>\n","protected":false},"excerpt":{"rendered":"<p>Nesta segunda-feira (13), o governador Ricardo Coutinho (PSB), repercutiu os ataques a oposi\u00e7\u00e3o fez durante a conven\u00e7\u00e3o estadual do PSDB, realizada no \u00faltimo s\u00e1bado. O&hellip; <\/p>\n","protected":false},"author":2,"featured_media":6164,"comment_status":"closed","ping_status":"closed","sticky":false,"template":"","format":"standard","meta":{"sfsi_plus_gutenberg_text_before_share":"","sfsi_plus_gutenberg_show_text_before_share":"","sfsi_plus_gutenberg_icon_type":"","sfsi_plus_gutenberg_icon_alignemt":"","sfsi_plus_gutenburg_max_per_row":"","footnotes":""},"categories":[11],"tags":[],"class_list":["post-33097","post","type-post","status-publish","format-standard","has-post-thumbnail","hentry","category-politica"],"_links":{"self":[{"href":"https:\/\/www.caririemacao.com\/1\/wp-json\/wp\/v2\/posts\/33097","targetHints":{"allow":["GET"]}}],"collection":[{"href":"https:\/\/www.caririemacao.com\/1\/wp-json\/wp\/v2\/posts"}],"about":[{"href":"https:\/\/www.caririemacao.com\/1\/wp-json\/wp\/v2\/types\/post"}],"author":[{"embeddable":true,"href":"https:\/\/www.caririemacao.com\/1\/wp-json\/wp\/v2\/users\/2"}],"replies":[{"embeddable":true,"href":"https:\/\/www.caririemacao.com\/1\/wp-json\/wp\/v2\/comments?post=33097"}],"version-history":[{"count":0,"href":"https:\/\/www.caririemacao.com\/1\/wp-json\/wp\/v2\/posts\/33097\/revisions"}],"wp:featuredmedia":[{"embeddable":true,"href":"https:\/\/www.caririemacao.com\/1\/wp-json\/wp\/v2\/media\/6164"}],"wp:attachment":[{"href":"https:\/\/www.caririemacao.com\/1\/wp-json\/wp\/v2\/media?parent=33097"}],"wp:term":[{"taxonomy":"category","embeddable":true,"href":"https:\/\/www.caririemacao.com\/1\/wp-json\/wp\/v2\/categories?post=33097"},{"taxonomy":"post_tag","embeddable":true,"href":"https:\/\/www.caririemacao.com\/1\/wp-json\/wp\/v2\/tags?post=33097"}],"curies":[{"name":"wp","href":"https:\/\/api.w.org\/{rel}","templated":true}]}}