{"id":33099,"date":"2017-11-13T12:54:23","date_gmt":"2017-11-13T15:54:23","guid":{"rendered":"http:\/\/caririemacao.com\/1\/?p=33099"},"modified":"2017-11-13T12:54:24","modified_gmt":"2017-11-13T15:54:24","slug":"cartaxo-destaca-harmonia-com-cassio-mas-evita-antecipar-chapa-psd-psdb","status":"publish","type":"post","link":"https:\/\/www.caririemacao.com\/1\/2017\/11\/13\/cartaxo-destaca-harmonia-com-cassio-mas-evita-antecipar-chapa-psd-psdb\/","title":{"rendered":"Cartaxo destaca harmonia com C\u00e1ssio, mas evita antecipar chapa PSD-PSDB"},"content":{"rendered":"<p>O prefeito de Jo\u00e3o Pessoa, Luciano Cartaxo (PSD), destacou, nesta segunda-feira (13), e import\u00e2ncia do senador C\u00e1ssio Cunha Lima (PSDB) para a manuten\u00e7\u00e3o da uni\u00e3o das oposi\u00e7\u00f5es a Para\u00edba e afirmou que o tucano tem dado contribui\u00e7\u00e3o importante a gest\u00e3o municipal.<\/p>\n<p>\u201cNa vida e na pol\u00edtica a gente n\u00e3o faz nada sozinho. Eu n\u00e3o acredito em governo de um homem s\u00f3. Tem sempre que buscar parceiros e pessoas que queiram contribuir com a cidade e com a gest\u00e3o. O senador C\u00e1ssio Cunha Lima \u00e9 um parceiro importante e tem ajudado muito em Bras\u00edlia. Ent\u00e3o eu acredito que a uni\u00e3o \u00e9 pra mostrar mais resultado e fazer mais pela cidade\u201d, destacou Luciano.<\/p>\n<p>A resposta do gestor veio ap\u00f3s ele ser questionado se a proximidade dele com o tucano aponta para PSDB e PSD na composi\u00e7\u00e3o da chapa majorit\u00e1ria de 2018.<\/p>\n<p>Segundo Luciano Cartaxo, ele e C\u00e1ssio t\u00eam demonstrado boa rela\u00e7\u00e3o institucional e pol\u00edtica, mas \u00a0as composi\u00e7\u00f5es da chapa s\u00f3 ser\u00e3o definidas no ano que vem.<\/p>\n<p>Luciano disse que sempre acreditou que a uni\u00e3o das oposi\u00e7\u00f5es \u201c\u00e9 real\u201d e isso demonstrado durante o encontro estadual do PSDB no \u00faltimo s\u00e1bado (11).<\/p>\n<p>\u201cA unidade \u00e9 fundamental e vamos continuar ouvindo muita gente e ouvindo o povo para construir uma alian\u00e7a forte, competitiva e vitoriosa\u201d, destacou.<\/p>\n<p><strong>CARIRI EM A\u00c7\u00c3O<\/strong><\/p>\n<p><em>Com MaisPB \/Foto: Google\u00a0\u00a0 <\/em><\/p>\n<p><strong>Leia mais not\u00edcias em\u00a0<\/strong><a href=\"http:\/\/www.caririemacao.com\/\"><strong>caririemacao.com<\/strong><\/a><strong>, siga nossa p\u00e1gina no\u00a0<\/strong><a href=\"https:\/\/www.facebook.com\/CaririEmAcao\/?ref=aymt_homepage_panel\"><strong>Facebook<\/strong><\/a>,<strong>\u00a0<\/strong><a href=\"https:\/\/www.instagram.com\/cariri_em_acao\/?hl=pt-br\"><strong>Instagram<\/strong><\/a><strong>\u00a0e <\/strong><a href=\"https:\/\/www.youtube.com\/channel\/UCAptA0jQuYQy8vMhLt2m4qg\"><strong>Youtube<\/strong><\/a><strong>\u00a0e veja nossas mat\u00e9rias, v\u00eddeos e fotos. Voc\u00ea tamb\u00e9m pode enviar informa\u00e7\u00f5es \u00e0 Reda\u00e7\u00e3o do Portal Cariri em A\u00e7\u00e3o pelo WhatsApp (83) 9 9634.5791, (83) 9 9601-1162.<\/strong><\/p>\n","protected":false},"excerpt":{"rendered":"<p>O prefeito de Jo\u00e3o Pessoa, Luciano Cartaxo (PSD), destacou, nesta segunda-feira (13), e import\u00e2ncia do senador C\u00e1ssio Cunha Lima (PSDB) para a manuten\u00e7\u00e3o da uni\u00e3o&hellip; <\/p>\n","protected":false},"author":2,"featured_media":33100,"comment_status":"closed","ping_status":"closed","sticky":false,"template":"","format":"standard","meta":{"sfsi_plus_gutenberg_text_before_share":"","sfsi_plus_gutenberg_show_text_before_share":"","sfsi_plus_gutenberg_icon_type":"","sfsi_plus_gutenberg_icon_alignemt":"","sfsi_plus_gutenburg_max_per_row":"","footnotes":""},"categories":[1],"tags":[],"class_list":["post-33099","post","type-post","status-publish","format-standard","has-post-thumbnail","hentry","category-o-site"],"_links":{"self":[{"href":"https:\/\/www.caririemacao.com\/1\/wp-json\/wp\/v2\/posts\/33099","targetHints":{"allow":["GET"]}}],"collection":[{"href":"https:\/\/www.caririemacao.com\/1\/wp-json\/wp\/v2\/posts"}],"about":[{"href":"https:\/\/www.caririemacao.com\/1\/wp-json\/wp\/v2\/types\/post"}],"author":[{"embeddable":true,"href":"https:\/\/www.caririemacao.com\/1\/wp-json\/wp\/v2\/users\/2"}],"replies":[{"embeddable":true,"href":"https:\/\/www.caririemacao.com\/1\/wp-json\/wp\/v2\/comments?post=33099"}],"version-history":[{"count":0,"href":"https:\/\/www.caririemacao.com\/1\/wp-json\/wp\/v2\/posts\/33099\/revisions"}],"wp:featuredmedia":[{"embeddable":true,"href":"https:\/\/www.caririemacao.com\/1\/wp-json\/wp\/v2\/media\/33100"}],"wp:attachment":[{"href":"https:\/\/www.caririemacao.com\/1\/wp-json\/wp\/v2\/media?parent=33099"}],"wp:term":[{"taxonomy":"category","embeddable":true,"href":"https:\/\/www.caririemacao.com\/1\/wp-json\/wp\/v2\/categories?post=33099"},{"taxonomy":"post_tag","embeddable":true,"href":"https:\/\/www.caririemacao.com\/1\/wp-json\/wp\/v2\/tags?post=33099"}],"curies":[{"name":"wp","href":"https:\/\/api.w.org\/{rel}","templated":true}]}}