{"id":33103,"date":"2017-11-13T13:13:27","date_gmt":"2017-11-13T16:13:27","guid":{"rendered":"http:\/\/caririemacao.com\/1\/?p=33103"},"modified":"2017-11-13T13:13:27","modified_gmt":"2017-11-13T16:13:27","slug":"huck-quer-governador-do-pmdb-como-seu-vice-na-disputal-presidencial","status":"publish","type":"post","link":"https:\/\/www.caririemacao.com\/1\/2017\/11\/13\/huck-quer-governador-do-pmdb-como-seu-vice-na-disputal-presidencial\/","title":{"rendered":"Huck quer governador do PMDB como seu vice na disputal presidencial"},"content":{"rendered":"<p>Durante jantar realizado na casa do economista e ex-presidente do Banco Central, Arm\u00ednio Fraga, o apresentador Luciano Huck convidou o governador do Esp\u00edrito Santo, Paulo Hartung (PMDB), para ser seu vice em uma chapa para as elei\u00e7\u00f5es de 2018.<\/p>\n<p>A informa\u00e7\u00e3o foi dada por diversos ve\u00edculos de imprensa, mas a Gazeta Online disse que obteve a confirma\u00e7\u00e3o da assessoria do governador de que o encontro ocorreu e que nele foram tratadas diversas possibilidades para as elei\u00e7\u00f5es de 2018, entre elas a composi\u00e7\u00e3o de uma chapa com os dois. Apesar disso, nenhuma decis\u00e3o foi tomada durante o jantar e as conversas devem continuar nos pr\u00f3ximos dias.<\/p>\n<p>N\u00e3o houve coment\u00e1rios sobre como seria a situa\u00e7\u00e3o partid\u00e1ria, mas uma fonte afirmou ao InfoMoney que o natural seria o governador se manter no PMDB como est\u00e1 hoje, enquanto o Luciano Huck saia como candidato pelo DEM.<\/p>\n<p>No in\u00edcio da semana, Hartung afirmou que est\u00e1 disposto a participar de uma agenda nacional para n\u00e3o deixar que as elei\u00e7\u00f5es presidenciais sejam dominadas por extremos. \u201cOs extremos n\u00e3o s\u00e3o bons. Pessoas raivosas pensam com o f\u00edgado e n\u00e3o com a cuca. (&#8230;) Os extremos (de direita e de esquerda) acabam se encontrando em alguns pontos. Ambos acreditam na for\u00e7a do Estado e que o governo pode fazer tudo. Apresentam bravatas e solu\u00e7\u00f5es simples para problemas complexos. N\u00e3o tem solu\u00e7\u00e3o simples para o Brasil\u201d, disse.<\/p>\n<p>Segundo alguns boatos da imprensa, Hartung tamb\u00e9m tem tido conversas com outros nomes sobre a disputa presidencial para 2018, entre eles o prefeito de S\u00e3o Paulo, Jo\u00e3o D\u00f3ria (PSDB), o presidente da C\u00e2mara dos Deputados, Rodrigo Maia (DEM) e o ex-presidente do Supremo Tribunal Federal (STF) Joaquim Barbosa.<\/p>\n<p>Durante jantar realizado na casa do economista e ex-presidente do Banco Central, Arm\u00ednio Fraga, o apresentador Luciano Huck convidou o governador do Esp\u00edrito Santo, Paulo Hartung (PMDB), para ser seu vice em uma chapa para as elei\u00e7\u00f5es de 2018.<\/p>\n<p>A informa\u00e7\u00e3o foi dada por diversos ve\u00edculos de imprensa, mas a Gazeta Online disse que obteve a confirma\u00e7\u00e3o da assessoria do governador de que o encontro ocorreu e que nele foram tratadas diversas possibilidades para as elei\u00e7\u00f5es de 2018, entre elas a composi\u00e7\u00e3o de uma chapa com entre os dois. Apesar disso, nenhuma decis\u00e3o foi tomada durante o jantar e as conversas devem continuar nos pr\u00f3ximos dias.<\/p>\n<p>N\u00e3o houve coment\u00e1rios sobre como seria a situa\u00e7\u00e3o partid\u00e1ria, mas uma fonte afirmou ao InfoMoney que o natural seria o governador se manter no PMDBcomo est\u00e1 hoje, enquanto o Luciano Huck saia como candidato pelo DEM.<\/p>\n<p>No in\u00edcio da semana, Hartung afirmou que est\u00e1 disposto a participar de uma agenda nacional para n\u00e3o deixar que as elei\u00e7\u00f5es presidenciais sejam dominadas por extremos. \u201cOs extremos n\u00e3o s\u00e3o bons. Pessoas raivosas pensam com o f\u00edgado e n\u00e3o com a cuca. (&#8230;) Os extremos (de direita e de esquerda) acabam se encontrando em alguns pontos. Ambos acreditam na for\u00e7a do Estado e que o governo pode fazer tudo. Apresentam bravatas e solu\u00e7\u00f5es simples para problemas complexos. N\u00e3o tem solu\u00e7\u00e3o simples para o Brasil\u201d, disse.<\/p>\n<p>Segundo alguns boatos da imprensa, Hartung tamb\u00e9m tem tido conversas com outros nomes sobre a disputa presidencial para 2018, entre eles o prefeito de S\u00e3o Paulo, Jo\u00e3o D\u00f3ria (PSDB), o presidente da C\u00e2mara dos Deputados, Rodrigo Maia (DEM) e o ex-presidente do Supremo Tribunal Federal (STF) Joaquim Barbosa.<\/p>\n<p><strong>CARIRI EM A\u00c7\u00c3O<\/strong><\/p>\n<p><em>Com Brasil 247\/Foto: Google\u00a0\u00a0 <\/em><\/p>\n<p><strong>Leia mais not\u00edcias em\u00a0<\/strong><a href=\"http:\/\/www.caririemacao.com\/\"><strong>caririemacao.com<\/strong><\/a><strong>, siga nossa p\u00e1gina no\u00a0<\/strong><a href=\"https:\/\/www.facebook.com\/CaririEmAcao\/?ref=aymt_homepage_panel\"><strong>Facebook<\/strong><\/a>,<strong>\u00a0<\/strong><a href=\"https:\/\/www.instagram.com\/cariri_em_acao\/?hl=pt-br\"><strong>Instagram<\/strong><\/a><strong>\u00a0e <\/strong><a href=\"https:\/\/www.youtube.com\/channel\/UCAptA0jQuYQy8vMhLt2m4qg\"><strong>Youtube<\/strong><\/a><strong>\u00a0e veja nossas mat\u00e9rias, v\u00eddeos e fotos. Voc\u00ea tamb\u00e9m pode enviar informa\u00e7\u00f5es \u00e0 Reda\u00e7\u00e3o do Portal Cariri em A\u00e7\u00e3o pelo WhatsApp (83) 9 9634.5791, (83) 9 9601-1162.<\/strong><\/p>\n","protected":false},"excerpt":{"rendered":"<p>Durante jantar realizado na casa do economista e ex-presidente do Banco Central, Arm\u00ednio Fraga, o apresentador Luciano Huck convidou o governador do Esp\u00edrito Santo, Paulo&hellip; <\/p>\n","protected":false},"author":2,"featured_media":33105,"comment_status":"closed","ping_status":"closed","sticky":false,"template":"","format":"standard","meta":{"sfsi_plus_gutenberg_text_before_share":"","sfsi_plus_gutenberg_show_text_before_share":"","sfsi_plus_gutenberg_icon_type":"","sfsi_plus_gutenberg_icon_alignemt":"","sfsi_plus_gutenburg_max_per_row":"","footnotes":""},"categories":[1],"tags":[],"class_list":["post-33103","post","type-post","status-publish","format-standard","has-post-thumbnail","hentry","category-o-site"],"_links":{"self":[{"href":"https:\/\/www.caririemacao.com\/1\/wp-json\/wp\/v2\/posts\/33103","targetHints":{"allow":["GET"]}}],"collection":[{"href":"https:\/\/www.caririemacao.com\/1\/wp-json\/wp\/v2\/posts"}],"about":[{"href":"https:\/\/www.caririemacao.com\/1\/wp-json\/wp\/v2\/types\/post"}],"author":[{"embeddable":true,"href":"https:\/\/www.caririemacao.com\/1\/wp-json\/wp\/v2\/users\/2"}],"replies":[{"embeddable":true,"href":"https:\/\/www.caririemacao.com\/1\/wp-json\/wp\/v2\/comments?post=33103"}],"version-history":[{"count":0,"href":"https:\/\/www.caririemacao.com\/1\/wp-json\/wp\/v2\/posts\/33103\/revisions"}],"wp:featuredmedia":[{"embeddable":true,"href":"https:\/\/www.caririemacao.com\/1\/wp-json\/wp\/v2\/media\/33105"}],"wp:attachment":[{"href":"https:\/\/www.caririemacao.com\/1\/wp-json\/wp\/v2\/media?parent=33103"}],"wp:term":[{"taxonomy":"category","embeddable":true,"href":"https:\/\/www.caririemacao.com\/1\/wp-json\/wp\/v2\/categories?post=33103"},{"taxonomy":"post_tag","embeddable":true,"href":"https:\/\/www.caririemacao.com\/1\/wp-json\/wp\/v2\/tags?post=33103"}],"curies":[{"name":"wp","href":"https:\/\/api.w.org\/{rel}","templated":true}]}}