{"id":33108,"date":"2017-11-13T13:23:51","date_gmt":"2017-11-13T16:23:51","guid":{"rendered":"http:\/\/caririemacao.com\/1\/?p=33108"},"modified":"2017-11-13T13:23:51","modified_gmt":"2017-11-13T16:23:51","slug":"ricardo-lanca-matriculas-2018-e-anuncia-expansao-das-escolas-cidadas-integrais","status":"publish","type":"post","link":"https:\/\/www.caririemacao.com\/1\/2017\/11\/13\/ricardo-lanca-matriculas-2018-e-anuncia-expansao-das-escolas-cidadas-integrais\/","title":{"rendered":"Ricardo lan\u00e7a matr\u00edculas 2018 e anuncia expans\u00e3o das Escolas Cidad\u00e3s Integrais"},"content":{"rendered":"<p>O governador Ricardo Coutinho lan\u00e7a, nesta segunda-feira (13), as matr\u00edculas da Rede Estadual de Ensino para 2018 e anuncia a expans\u00e3o das Escolas Cidad\u00e3s Integrais.<\/p>\n<p>Na ocasi\u00e3o, tamb\u00e9m ser\u00e1 lan\u00e7ada a Plataforma \u201cAprendizagem em Foco\u201d, seguida da assinatura da Medida Provis\u00f3ria que institui a cria\u00e7\u00e3o das Escolas Cidad\u00e3s Integrais e do Edital do Processo Seletivo Simplificado para as Escolas Cidad\u00e3s Integrais (ECI) e Escolas Cidad\u00e3s Integrais T\u00e9cnicas (ECIT) para gestores, professores e coordenadores.<\/p>\n<p><strong>CARIRI EM A\u00c7\u00c3O<\/strong><\/p>\n<p><em>Com Para\u00edba\u00a0J\u00e1. \/Foto: Google\u00a0\u00a0 <\/em><\/p>\n<p><strong>Leia mais not\u00edcias em\u00a0<\/strong><a href=\"http:\/\/www.caririemacao.com\/\"><strong>caririemacao.com<\/strong><\/a><strong>, siga nossa p\u00e1gina no\u00a0<\/strong><a href=\"https:\/\/www.facebook.com\/CaririEmAcao\/?ref=aymt_homepage_panel\"><strong>Facebook<\/strong><\/a>,<strong>\u00a0<\/strong><a href=\"https:\/\/www.instagram.com\/cariri_em_acao\/?hl=pt-br\"><strong>Instagram<\/strong><\/a><strong>\u00a0e <\/strong><a href=\"https:\/\/www.youtube.com\/channel\/UCAptA0jQuYQy8vMhLt2m4qg\"><strong>Youtube<\/strong><\/a><strong>\u00a0e veja nossas mat\u00e9rias, v\u00eddeos e fotos. Voc\u00ea tamb\u00e9m pode enviar informa\u00e7\u00f5es \u00e0 Reda\u00e7\u00e3o do Portal Cariri em A\u00e7\u00e3o pelo WhatsApp (83) 9 9634.5791, (83) 9 9601-1162.<\/strong><\/p>\n","protected":false},"excerpt":{"rendered":"<p>O governador Ricardo Coutinho lan\u00e7a, nesta segunda-feira (13), as matr\u00edculas da Rede Estadual de Ensino para 2018 e anuncia a expans\u00e3o das Escolas Cidad\u00e3s Integrais.&hellip; <\/p>\n","protected":false},"author":2,"featured_media":12481,"comment_status":"closed","ping_status":"closed","sticky":false,"template":"","format":"standard","meta":{"sfsi_plus_gutenberg_text_before_share":"","sfsi_plus_gutenberg_show_text_before_share":"","sfsi_plus_gutenberg_icon_type":"","sfsi_plus_gutenberg_icon_alignemt":"","sfsi_plus_gutenburg_max_per_row":"","footnotes":""},"categories":[2],"tags":[],"class_list":["post-33108","post","type-post","status-publish","format-standard","has-post-thumbnail","hentry","category-geral"],"_links":{"self":[{"href":"https:\/\/www.caririemacao.com\/1\/wp-json\/wp\/v2\/posts\/33108","targetHints":{"allow":["GET"]}}],"collection":[{"href":"https:\/\/www.caririemacao.com\/1\/wp-json\/wp\/v2\/posts"}],"about":[{"href":"https:\/\/www.caririemacao.com\/1\/wp-json\/wp\/v2\/types\/post"}],"author":[{"embeddable":true,"href":"https:\/\/www.caririemacao.com\/1\/wp-json\/wp\/v2\/users\/2"}],"replies":[{"embeddable":true,"href":"https:\/\/www.caririemacao.com\/1\/wp-json\/wp\/v2\/comments?post=33108"}],"version-history":[{"count":0,"href":"https:\/\/www.caririemacao.com\/1\/wp-json\/wp\/v2\/posts\/33108\/revisions"}],"wp:featuredmedia":[{"embeddable":true,"href":"https:\/\/www.caririemacao.com\/1\/wp-json\/wp\/v2\/media\/12481"}],"wp:attachment":[{"href":"https:\/\/www.caririemacao.com\/1\/wp-json\/wp\/v2\/media?parent=33108"}],"wp:term":[{"taxonomy":"category","embeddable":true,"href":"https:\/\/www.caririemacao.com\/1\/wp-json\/wp\/v2\/categories?post=33108"},{"taxonomy":"post_tag","embeddable":true,"href":"https:\/\/www.caririemacao.com\/1\/wp-json\/wp\/v2\/tags?post=33108"}],"curies":[{"name":"wp","href":"https:\/\/api.w.org\/{rel}","templated":true}]}}