{"id":33110,"date":"2017-11-13T13:28:19","date_gmt":"2017-11-13T16:28:19","guid":{"rendered":"http:\/\/caririemacao.com\/1\/?p=33110"},"modified":"2017-11-13T13:28:19","modified_gmt":"2017-11-13T16:28:19","slug":"confira-como-foi-a-sexta-rodada-do-campeonato-umbuzeirense-de-futebol-de-campo-2017-e-a-classificacao","status":"publish","type":"post","link":"https:\/\/www.caririemacao.com\/1\/2017\/11\/13\/confira-como-foi-a-sexta-rodada-do-campeonato-umbuzeirense-de-futebol-de-campo-2017-e-a-classificacao\/","title":{"rendered":"Confira como foi a sexta rodada do Campeonato Umbuzeirense de Futebol de Campo 2017 e a Classifica\u00e7\u00e3o"},"content":{"rendered":"<p style=\"font-weight: 400;\">Com duas partidas que foram realizadas neste fim de semana em S\u00e3o Sebasti\u00e3o do Umbuzeiro, se completou a sexta rodada do Campeonato Umbuzeirense de Futebol de Campo 2017, devido a Prova do Enem a rodada foi realizada em dois finais de semana.<\/p>\n<p style=\"font-weight: 400;\">Dando inicio a sexta rodada no s\u00e1bado dia 04 de novembro, foi realizada duas partidas que foi bastante movimentada, se enfrentaram Barcelona e Ajax B resultado do jogo foi Barcelona 0 X 4 Ajax B.<\/p>\n<p style=\"font-weight: 400;\">Na segunda partida se enfrentaram o Cruzeiro e Ajax, o resultado final do jogo ficou Cruzeiro 1 X 5 Ajax.<\/p>\n<p style=\"font-weight: 400;\">Neste s\u00e1bado (11), fechando a rodada foi realizada duas partidas com inicio \u00e1s 14h se enfrentaram Estrela D\u2019alva e Santo Ant\u00f4nio, jogo esse que terminou empatado em 0 X 0.<\/p>\n<p style=\"font-weight: 400;\">A segunda partida da tarde foi realizada entre as equipes do Juventus e a Ponte Preta, em um jogo muito disputado e cheio de reclama\u00e7\u00f5es o Juventus venceu o jogo por 2 X 0.<\/p>\n<p style=\"font-weight: 400;\">A equipe do Ajax lidera a tabela de classifica\u00e7\u00e3o da competi\u00e7\u00e3o com dezesseis pontos.<\/p>\n<p style=\"font-weight: 400;\">O Campeonato Umbuzeirense de Futebol de Campo 2017\u00e9 organizada pela Prefeitura Municipal de S\u00e3o Sebasti\u00e3o do Umbuzeiro na pessoa do prefeito Adriano Wolff.<\/p>\n<p style=\"font-weight: 400;\">Confira a tabela de classifica\u00e7\u00e3o:<\/p>\n<p style=\"font-weight: 400;\"><strong style=\"font-style: inherit;\">Sexta rodada<\/strong><br \/>\n<strong style=\"font-style: inherit;\">04\/11\/2017<\/strong><br \/>\n<strong style=\"font-style: inherit;\">Barcelona\u00a0\u00a0\u00a0Ajax B<\/strong><br \/>\n<strong style=\"font-style: inherit;\">Cruzeiro\u00a0\u00a0 Ajax<\/strong><\/p>\n<p style=\"font-weight: 400;\"><strong style=\"font-style: inherit;\">S\u00e1bado\u202611\/11\/2017<\/strong><\/p>\n<p style=\"font-weight: 400;\"><strong style=\"font-style: inherit;\">13:45hs<\/strong><\/p>\n<p style=\"font-weight: 400;\"><strong style=\"font-style: inherit;\">Estrela D\u00e1lva\u00a0\u00a0Santo Antonio<\/strong><\/p>\n<p style=\"font-weight: 400;\"><strong style=\"font-style: inherit;\">*<\/strong><strong style=\"font-style: inherit;\">15:45hs<\/strong><\/p>\n<p style=\"font-weight: 400;\"><strong style=\"font-style: inherit;\">Juventus\u00a0\u00a0\u00a0Ponte Preta*<\/strong><\/p>\n<p style=\"font-weight: 400;\"><strong style=\"font-style: inherit;\">CLASSIFICA\u00c7\u00c3O*<\/strong><\/p>\n<p style=\"font-weight: 400;\"><strong style=\"font-style: inherit;\">1\u00b0\u00a0AJAX. 16 PTS<\/strong><br \/>\n<strong style=\"font-style: inherit;\">2\u00b0\u00a0JUVENTUS. 13 PTS<\/strong><br \/>\n<strong style=\"font-style: inherit;\">3\u00b0\u00a0CRUZEIRO. 10 PTS<\/strong><br \/>\n<strong style=\"font-style: inherit;\">4\u00b0\u00a0ESTRELA DALVA. 09 PTS<\/strong><br \/>\n<strong style=\"font-style: inherit;\">5\u00b0\u00a0SANTO ANTONIO. 08 PTS<\/strong><br \/>\n<strong style=\"font-style: inherit;\">6\u00b0\u00a0AJAX B. 07PTS<\/strong><br \/>\n<strong style=\"font-style: inherit;\">7\u00ba\u00a0PONTE PRETA. 02 PTS<\/strong><br \/>\n<strong style=\"font-style: inherit;\">8\u00ba\u00a0BARCELONA 01 PTS<\/strong><\/p>\n<p style=\"font-weight: 400;\"><strong style=\"font-style: inherit;\">*Zona de classifica\u00e7\u00e3o*<\/strong><\/p>\n<p><strong>CARIRI EM A\u00c7\u00c3O<\/strong><\/p>\n<p><em>Com Tribuna do Cariri \/Foto: Google\u00a0\u00a0 <\/em><\/p>\n<p><strong>Leia mais not\u00edcias em\u00a0<\/strong><a href=\"http:\/\/www.caririemacao.com\/\"><strong>caririemacao.com<\/strong><\/a><strong>, siga nossa p\u00e1gina no\u00a0<\/strong><a href=\"https:\/\/www.facebook.com\/CaririEmAcao\/?ref=aymt_homepage_panel\"><strong>Facebook<\/strong><\/a>,<strong>\u00a0<\/strong><a href=\"https:\/\/www.instagram.com\/cariri_em_acao\/?hl=pt-br\"><strong>Instagram<\/strong><\/a><strong>\u00a0e <\/strong><a href=\"https:\/\/www.youtube.com\/channel\/UCAptA0jQuYQy8vMhLt2m4qg\"><strong>Youtube<\/strong><\/a><strong>\u00a0e veja nossas mat\u00e9rias, v\u00eddeos e fotos. Voc\u00ea tamb\u00e9m pode enviar informa\u00e7\u00f5es \u00e0 Reda\u00e7\u00e3o do Portal Cariri em A\u00e7\u00e3o pelo WhatsApp (83) 9 9634.5791, (83) 9 9601-1162.<\/strong><\/p>\n","protected":false},"excerpt":{"rendered":"<p>Com duas partidas que foram realizadas neste fim de semana em S\u00e3o Sebasti\u00e3o do Umbuzeiro, se completou a sexta rodada do Campeonato Umbuzeirense de Futebol&hellip; <\/p>\n","protected":false},"author":2,"featured_media":33111,"comment_status":"closed","ping_status":"closed","sticky":false,"template":"","format":"standard","meta":{"sfsi_plus_gutenberg_text_before_share":"","sfsi_plus_gutenberg_show_text_before_share":"","sfsi_plus_gutenberg_icon_type":"","sfsi_plus_gutenberg_icon_alignemt":"","sfsi_plus_gutenburg_max_per_row":"","footnotes":""},"categories":[13],"tags":[],"class_list":["post-33110","post","type-post","status-publish","format-standard","has-post-thumbnail","hentry","category-esportes"],"_links":{"self":[{"href":"https:\/\/www.caririemacao.com\/1\/wp-json\/wp\/v2\/posts\/33110","targetHints":{"allow":["GET"]}}],"collection":[{"href":"https:\/\/www.caririemacao.com\/1\/wp-json\/wp\/v2\/posts"}],"about":[{"href":"https:\/\/www.caririemacao.com\/1\/wp-json\/wp\/v2\/types\/post"}],"author":[{"embeddable":true,"href":"https:\/\/www.caririemacao.com\/1\/wp-json\/wp\/v2\/users\/2"}],"replies":[{"embeddable":true,"href":"https:\/\/www.caririemacao.com\/1\/wp-json\/wp\/v2\/comments?post=33110"}],"version-history":[{"count":0,"href":"https:\/\/www.caririemacao.com\/1\/wp-json\/wp\/v2\/posts\/33110\/revisions"}],"wp:featuredmedia":[{"embeddable":true,"href":"https:\/\/www.caririemacao.com\/1\/wp-json\/wp\/v2\/media\/33111"}],"wp:attachment":[{"href":"https:\/\/www.caririemacao.com\/1\/wp-json\/wp\/v2\/media?parent=33110"}],"wp:term":[{"taxonomy":"category","embeddable":true,"href":"https:\/\/www.caririemacao.com\/1\/wp-json\/wp\/v2\/categories?post=33110"},{"taxonomy":"post_tag","embeddable":true,"href":"https:\/\/www.caririemacao.com\/1\/wp-json\/wp\/v2\/tags?post=33110"}],"curies":[{"name":"wp","href":"https:\/\/api.w.org\/{rel}","templated":true}]}}