{"id":33120,"date":"2017-11-13T14:07:22","date_gmt":"2017-11-13T17:07:22","guid":{"rendered":"http:\/\/caririemacao.com\/1\/?p=33120"},"modified":"2017-11-13T14:07:22","modified_gmt":"2017-11-13T17:07:22","slug":"apenas-11-das-micro-e-pequenas-empresas-regularizaram-situacao-na-receita","status":"publish","type":"post","link":"https:\/\/www.caririemacao.com\/1\/2017\/11\/13\/apenas-11-das-micro-e-pequenas-empresas-regularizaram-situacao-na-receita\/","title":{"rendered":"Apenas 11% das micro e pequenas empresas regularizaram situa\u00e7\u00e3o na Receita"},"content":{"rendered":"<p>Apenas 11% das micro e pequenas empresas que ca\u00edram na malha fina da Receita Federal regularizaram a situa\u00e7\u00e3o junto ao \u00f3rg\u00e3o, de acordo com balan\u00e7o divulgado nesta segunda-feira (13) inexatas nas declara\u00e7\u00f5es de 100 mil empresas e, consequentemente, a redu\u00e7\u00e3o indevida dos valores a pagar.<strong><a href=\"http:\/\/portalcorreio.com.br\/noticias\/\" target=\"_blank\" rel=\"noopener\"><br \/>\n<\/a><\/strong><br \/>\nDe acordo com a Receita, as empresas que n\u00e3o se regularizarem estar\u00e3o impossibilitadas de transmitir a declara\u00e7\u00e3o relativa ao m\u00eas de outubro, que dever\u00e1 ser apresentada at\u00e9 o dia 20 de novembro, al\u00e9m de estarem sujeitas a penalidades, como a imposi\u00e7\u00e3o de multas que variam de 75 a 225% sobre os d\u00e9bitos omitidos nas declara\u00e7\u00f5es anteriores e at\u00e9 mesmo a exclus\u00e3o do Simples Nacional.<\/p>\n<p>Para se regularizar, a empresa deve retificar as declara\u00e7\u00f5es anteriores, gerar e pagar o documento de arrecada\u00e7\u00e3o (DAS) complementar. O pr\u00f3prio PGDAS-D, que \u00e9 um aplicativo dispon\u00edvel no portal do Simples Nacional, aponta as declara\u00e7\u00f5es a serem retificadas.<\/p>\n<p>Nos \u00faltimos anos, a Receita Federal vem trabalhando no combate a diversos tipos de fraudes detectadas nas informa\u00e7\u00f5es prestadas pelas empresas por meio das declara\u00e7\u00f5es apresentadas ao \u00f3rg\u00e3o.<\/p>\n<p>Segundo a Receita, as quase 100 mil empresas, sem amparo legal, assinalaram no PGDAS-D campos como \u201cimunidade\u201d, \u201cisen\u00e7\u00e3o\/redu\u00e7\u00e3o-cesta b\u00e1sica\u201d ou ainda \u201clan\u00e7amento de of\u00edcio\u201d. Essa marca\u00e7\u00e3o acaba por reduzir indevidamente o valor dos tributos a serem pagos.<\/p>\n<p><strong>CARIRI EM A\u00c7\u00c3O<\/strong><\/p>\n<p><em>Com Ag\u00eancia Brasil\/Foto:Marcello Casal-Ag\u00eancia Brasil<\/em><\/p>\n<p><strong>Leia mais not\u00edcias em\u00a0<\/strong><a href=\"http:\/\/www.caririemacao.com\/\"><strong>caririemacao.com<\/strong><\/a><strong>, siga nossa p\u00e1gina no\u00a0<\/strong><a href=\"https:\/\/www.facebook.com\/CaririEmAcao\/?ref=aymt_homepage_panel\"><strong>Facebook<\/strong><\/a>,<strong>\u00a0<\/strong><a href=\"https:\/\/www.instagram.com\/cariri_em_acao\/?hl=pt-br\"><strong>Instagram<\/strong><\/a><strong>\u00a0e <\/strong><a href=\"https:\/\/www.youtube.com\/channel\/UCAptA0jQuYQy8vMhLt2m4qg\"><strong>Youtube<\/strong><\/a><strong>\u00a0e veja nossas mat\u00e9rias, v\u00eddeos e fotos. Voc\u00ea tamb\u00e9m pode enviar informa\u00e7\u00f5es \u00e0 Reda\u00e7\u00e3o do Portal Cariri em A\u00e7\u00e3o pelo WhatsApp (83) 9 9634.5791, (83) 9 9601-1162.<\/strong><\/p>\n","protected":false},"excerpt":{"rendered":"<p>Apenas 11% das micro e pequenas empresas que ca\u00edram na malha fina da Receita Federal regularizaram a situa\u00e7\u00e3o junto ao \u00f3rg\u00e3o, de acordo com balan\u00e7o&hellip; <\/p>\n","protected":false},"author":2,"featured_media":33121,"comment_status":"closed","ping_status":"closed","sticky":false,"template":"","format":"standard","meta":{"sfsi_plus_gutenberg_text_before_share":"","sfsi_plus_gutenberg_show_text_before_share":"","sfsi_plus_gutenberg_icon_type":"","sfsi_plus_gutenberg_icon_alignemt":"","sfsi_plus_gutenburg_max_per_row":"","footnotes":""},"categories":[2],"tags":[],"class_list":["post-33120","post","type-post","status-publish","format-standard","has-post-thumbnail","hentry","category-geral"],"_links":{"self":[{"href":"https:\/\/www.caririemacao.com\/1\/wp-json\/wp\/v2\/posts\/33120","targetHints":{"allow":["GET"]}}],"collection":[{"href":"https:\/\/www.caririemacao.com\/1\/wp-json\/wp\/v2\/posts"}],"about":[{"href":"https:\/\/www.caririemacao.com\/1\/wp-json\/wp\/v2\/types\/post"}],"author":[{"embeddable":true,"href":"https:\/\/www.caririemacao.com\/1\/wp-json\/wp\/v2\/users\/2"}],"replies":[{"embeddable":true,"href":"https:\/\/www.caririemacao.com\/1\/wp-json\/wp\/v2\/comments?post=33120"}],"version-history":[{"count":0,"href":"https:\/\/www.caririemacao.com\/1\/wp-json\/wp\/v2\/posts\/33120\/revisions"}],"wp:featuredmedia":[{"embeddable":true,"href":"https:\/\/www.caririemacao.com\/1\/wp-json\/wp\/v2\/media\/33121"}],"wp:attachment":[{"href":"https:\/\/www.caririemacao.com\/1\/wp-json\/wp\/v2\/media?parent=33120"}],"wp:term":[{"taxonomy":"category","embeddable":true,"href":"https:\/\/www.caririemacao.com\/1\/wp-json\/wp\/v2\/categories?post=33120"},{"taxonomy":"post_tag","embeddable":true,"href":"https:\/\/www.caririemacao.com\/1\/wp-json\/wp\/v2\/tags?post=33120"}],"curies":[{"name":"wp","href":"https:\/\/api.w.org\/{rel}","templated":true}]}}