{"id":33171,"date":"2017-11-14T09:59:23","date_gmt":"2017-11-14T12:59:23","guid":{"rendered":"http:\/\/caririemacao.com\/1\/?p=33171"},"modified":"2017-11-14T09:59:23","modified_gmt":"2017-11-14T12:59:23","slug":"vereador-do-cariri-e-foragido-de-operacao-contra-trafico-e-ataque-a-bancos","status":"publish","type":"post","link":"https:\/\/www.caririemacao.com\/1\/2017\/11\/14\/vereador-do-cariri-e-foragido-de-operacao-contra-trafico-e-ataque-a-bancos\/","title":{"rendered":"Vereador do Cariri \u00e9 foragido de opera\u00e7\u00e3o contra tr\u00e1fico e ataque a bancos"},"content":{"rendered":"<p>O vereador da cidade de Soledade, no Agreste paraibano, Janiel dos Santos Costa, mais conhecido como Daniel de Z\u00e9 de J\u00falia, est\u00e1 foragido. Ele \u00e9 suspeito de integrar uma organiza\u00e7\u00e3o criminosa ligada ao tr\u00e1fico drogas, homic\u00eddios e explos\u00f5es a bancos, na regi\u00e3o do Cariri paraibano.<\/p>\n<div>Segundo a Pol\u00edcia Civil, o vereador est\u00e1 foragido desde a deflagra\u00e7\u00e3o da opera\u00e7\u00e3o N\u00eamesis, que aconteceu no m\u00eas passado e j\u00e1 que prendeu 30 pessoas envolvidas em v\u00e1rios crimes na regi\u00e3o de Soledade e Juazeirinho.<\/div>\n<div><\/div>\n<div>A Pol\u00edcia Civil pede a ajuda da popula\u00e7\u00e3o para quem tiver informa\u00e7\u00e3o sobre o vereador. As informa\u00e7\u00f5es podem ser passadas de forma an\u00f4nima, atrav\u00e9s do disque den\u00fancia, no n\u00famero 197. (G1)<\/div>\n<p><strong>CARIRI EM A\u00c7\u00c3O<\/strong><\/p>\n<p><strong>Leia mais not\u00edcias em\u00a0<\/strong><a href=\"http:\/\/www.caririemacao.com\/\"><strong>caririemacao.com<\/strong><\/a><strong>, siga nossa p\u00e1gina no\u00a0<\/strong><a href=\"https:\/\/www.facebook.com\/CaririEmAcao\/?ref=aymt_homepage_panel\"><strong>Facebook<\/strong><\/a>,<strong>\u00a0<\/strong><a href=\"https:\/\/www.instagram.com\/cariri_em_acao\/?hl=pt-br\"><strong>Instagram<\/strong><\/a><strong>\u00a0e\u00a0<\/strong><a href=\"https:\/\/www.youtube.com\/channel\/UCAptA0jQuYQy8vMhLt2m4qg\"><strong>Youtube<\/strong><\/a><strong>\u00a0e veja nossas mat\u00e9rias, v\u00eddeos e fotos. Voc\u00ea tamb\u00e9m pode enviar informa\u00e7\u00f5es \u00e0 Reda\u00e7\u00e3o do Portal Cariri em A\u00e7\u00e3o pelo WhatsApp (83) 9 9634.5791, (83) 9 9601-1162.<\/strong><\/p>\n","protected":false},"excerpt":{"rendered":"<p>O vereador da cidade de Soledade, no Agreste paraibano, Janiel dos Santos Costa, mais conhecido como Daniel de Z\u00e9 de J\u00falia, est\u00e1 foragido. Ele \u00e9&hellip; <\/p>\n","protected":false},"author":2,"featured_media":33173,"comment_status":"closed","ping_status":"closed","sticky":false,"template":"","format":"standard","meta":{"sfsi_plus_gutenberg_text_before_share":"","sfsi_plus_gutenberg_show_text_before_share":"","sfsi_plus_gutenberg_icon_type":"","sfsi_plus_gutenberg_icon_alignemt":"","sfsi_plus_gutenburg_max_per_row":"","footnotes":""},"categories":[12],"tags":[],"class_list":["post-33171","post","type-post","status-publish","format-standard","has-post-thumbnail","hentry","category-policia"],"_links":{"self":[{"href":"https:\/\/www.caririemacao.com\/1\/wp-json\/wp\/v2\/posts\/33171","targetHints":{"allow":["GET"]}}],"collection":[{"href":"https:\/\/www.caririemacao.com\/1\/wp-json\/wp\/v2\/posts"}],"about":[{"href":"https:\/\/www.caririemacao.com\/1\/wp-json\/wp\/v2\/types\/post"}],"author":[{"embeddable":true,"href":"https:\/\/www.caririemacao.com\/1\/wp-json\/wp\/v2\/users\/2"}],"replies":[{"embeddable":true,"href":"https:\/\/www.caririemacao.com\/1\/wp-json\/wp\/v2\/comments?post=33171"}],"version-history":[{"count":0,"href":"https:\/\/www.caririemacao.com\/1\/wp-json\/wp\/v2\/posts\/33171\/revisions"}],"wp:featuredmedia":[{"embeddable":true,"href":"https:\/\/www.caririemacao.com\/1\/wp-json\/wp\/v2\/media\/33173"}],"wp:attachment":[{"href":"https:\/\/www.caririemacao.com\/1\/wp-json\/wp\/v2\/media?parent=33171"}],"wp:term":[{"taxonomy":"category","embeddable":true,"href":"https:\/\/www.caririemacao.com\/1\/wp-json\/wp\/v2\/categories?post=33171"},{"taxonomy":"post_tag","embeddable":true,"href":"https:\/\/www.caririemacao.com\/1\/wp-json\/wp\/v2\/tags?post=33171"}],"curies":[{"name":"wp","href":"https:\/\/api.w.org\/{rel}","templated":true}]}}