{"id":33172,"date":"2017-11-14T10:13:33","date_gmt":"2017-11-14T13:13:33","guid":{"rendered":"http:\/\/caririemacao.com\/1\/?p=33172"},"modified":"2017-11-14T10:13:33","modified_gmt":"2017-11-14T13:13:33","slug":"prefeitura-de-sao-sebastiao-do-umbuzeiro-oferece-de-forma-gratuita-tratamento-de-canal-dentario-e-amplia-atendimento","status":"publish","type":"post","link":"https:\/\/www.caririemacao.com\/1\/2017\/11\/14\/prefeitura-de-sao-sebastiao-do-umbuzeiro-oferece-de-forma-gratuita-tratamento-de-canal-dentario-e-amplia-atendimento\/","title":{"rendered":"Prefeitura de S\u00e3o Sebasti\u00e3o do Umbuzeiro oferece de forma gratuita tratamento de canal dent\u00e1rio e amplia atendimento"},"content":{"rendered":"<p style=\"font-weight: 400;\">Com o intuito de oferecer um servi\u00e7o odontol\u00f3gico e melhorar a sa\u00fade bucal dos mun\u00edcipes, a Prefeitura Municipal de S\u00e3o Sebasti\u00e3o do Umbuzeiro, atrav\u00e9s da Secretaria Municipal da Sa\u00fade e o CEO (Centros de Especialidades Odontol\u00f3gicas),\u00a0 est\u00e1 disponibilizando de form a gratuita tratamento de canal dent\u00e1rio.<\/p>\n<p style=\"font-weight: 400;\">O tratamento est\u00e1 sendo realizando com uma nova tecnologia, dando qualidade e um maior dinamismo no atendimento dos usu\u00e1rios, onde o paciente s\u00f3 precisa ir uma vez fazer o tratamento do canal no Centro de Especialidades de Odontologias o (CEO).<\/p>\n<p style=\"font-weight: 400;\">\u201cAntes a pessoa precisava ir at\u00e9 as Cidades de Monteiro ou de Arcoverde, para fazer o tratamento de canal dent\u00e1rio, e gastava em media 400, 00 reais, hoje estamos oferecendo de forma gratuita o tratamento, trazendo mais comodidade e conforto para os mun\u00edcipes\u201d, disse o Secretario de Sa\u00fade Marcio Luiz Pereira Neves.<\/p>\n<p style=\"font-weight: 400;\">A prefeitura tamb\u00e9m est\u00e1 ampliando os servi\u00e7os de odontologia, prestados pela Secretaria de Sa\u00fade, para atender a popula\u00e7\u00e3o adulta que trabalha durante no per\u00edodo vespertino, que precisa do servi\u00e7o, mas n\u00e3o tem como abonar a falta do dia. Os dias do Dentista Noturno ser\u00e3o realizados nas ter\u00e7as e quartas-feiras.<\/p>\n<p style=\"font-weight: 400;\">A popula\u00e7\u00e3o Umbuzeirense deve realizar um cadastro na Unidade de Sa\u00fade, para fazer o agendamento dos servi\u00e7os oferecidos como canal dent\u00e1rio, restaura\u00e7\u00e3o (obtura\u00e7\u00e3o), extra\u00e7\u00e3o de dentes e limpeza (raspagem).<\/p>\n<p style=\"font-weight: 400;\">\n<strong>CARIRI EM A\u00c7\u00c3O<\/strong><\/p>\n<p><em>Com Blog do Didi\/Foto:\u00a0 Google\u00a0\u00a0<\/em><\/p>\n<p><strong>Leia mais not\u00edcias em\u00a0<\/strong><a href=\"http:\/\/www.caririemacao.com\/\"><strong>caririemacao.com<\/strong><\/a><strong>, siga nossa p\u00e1gina no\u00a0<\/strong><a href=\"https:\/\/www.facebook.com\/CaririEmAcao\/?ref=aymt_homepage_panel\"><strong>Facebook<\/strong><\/a>,<strong>\u00a0<\/strong><a href=\"https:\/\/www.instagram.com\/cariri_em_acao\/?hl=pt-br\"><strong>Instagram<\/strong><\/a><strong>\u00a0e\u00a0<\/strong><a href=\"https:\/\/www.youtube.com\/channel\/UCAptA0jQuYQy8vMhLt2m4qg\"><strong>Youtube<\/strong><\/a><strong>\u00a0e veja nossas mat\u00e9rias, v\u00eddeos e fotos. Voc\u00ea tamb\u00e9m pode enviar informa\u00e7\u00f5es \u00e0 Reda\u00e7\u00e3o do Portal Cariri em A\u00e7\u00e3o pelo WhatsApp (83) 9 9634.5791, (83) 9 9601-1162.<\/strong><\/p>\n","protected":false},"excerpt":{"rendered":"<p>Com o intuito de oferecer um servi\u00e7o odontol\u00f3gico e melhorar a sa\u00fade bucal dos mun\u00edcipes, a Prefeitura Municipal de S\u00e3o Sebasti\u00e3o do Umbuzeiro, atrav\u00e9s da&hellip; <\/p>\n","protected":false},"author":2,"featured_media":33175,"comment_status":"closed","ping_status":"closed","sticky":false,"template":"","format":"standard","meta":{"sfsi_plus_gutenberg_text_before_share":"","sfsi_plus_gutenberg_show_text_before_share":"","sfsi_plus_gutenberg_icon_type":"","sfsi_plus_gutenberg_icon_alignemt":"","sfsi_plus_gutenburg_max_per_row":"","footnotes":""},"categories":[16],"tags":[],"class_list":["post-33172","post","type-post","status-publish","format-standard","has-post-thumbnail","hentry","category-saude"],"_links":{"self":[{"href":"https:\/\/www.caririemacao.com\/1\/wp-json\/wp\/v2\/posts\/33172","targetHints":{"allow":["GET"]}}],"collection":[{"href":"https:\/\/www.caririemacao.com\/1\/wp-json\/wp\/v2\/posts"}],"about":[{"href":"https:\/\/www.caririemacao.com\/1\/wp-json\/wp\/v2\/types\/post"}],"author":[{"embeddable":true,"href":"https:\/\/www.caririemacao.com\/1\/wp-json\/wp\/v2\/users\/2"}],"replies":[{"embeddable":true,"href":"https:\/\/www.caririemacao.com\/1\/wp-json\/wp\/v2\/comments?post=33172"}],"version-history":[{"count":0,"href":"https:\/\/www.caririemacao.com\/1\/wp-json\/wp\/v2\/posts\/33172\/revisions"}],"wp:featuredmedia":[{"embeddable":true,"href":"https:\/\/www.caririemacao.com\/1\/wp-json\/wp\/v2\/media\/33175"}],"wp:attachment":[{"href":"https:\/\/www.caririemacao.com\/1\/wp-json\/wp\/v2\/media?parent=33172"}],"wp:term":[{"taxonomy":"category","embeddable":true,"href":"https:\/\/www.caririemacao.com\/1\/wp-json\/wp\/v2\/categories?post=33172"},{"taxonomy":"post_tag","embeddable":true,"href":"https:\/\/www.caririemacao.com\/1\/wp-json\/wp\/v2\/tags?post=33172"}],"curies":[{"name":"wp","href":"https:\/\/api.w.org\/{rel}","templated":true}]}}