{"id":33177,"date":"2017-11-14T10:19:49","date_gmt":"2017-11-14T13:19:49","guid":{"rendered":"http:\/\/caririemacao.com\/1\/?p=33177"},"modified":"2017-11-14T10:37:45","modified_gmt":"2017-11-14T13:37:45","slug":"paraiba-adere-ao-sistema-nacional-de-localizacao-de-desaparecidos","status":"publish","type":"post","link":"https:\/\/www.caririemacao.com\/1\/2017\/11\/14\/paraiba-adere-ao-sistema-nacional-de-localizacao-de-desaparecidos\/","title":{"rendered":"Para\u00edba adere ao Sistema Nacional de Localiza\u00e7\u00e3o de Desaparecidos"},"content":{"rendered":"<p>O Minist\u00e9rio P\u00fablico da Para\u00edba (MPPB) aderiu ao Sistema Nacional de Localiza\u00e7\u00e3o e Identifica\u00e7\u00e3o de Desaparecidos (Sinalid). Com a medida, o estado da Para\u00edba poder\u00e1 compartilhar o banco de dados e as ferramentas criadas para buscar pessoas desaparecidas em todo o Pa\u00eds. O termo de ades\u00e3o foi assinado nesta segunda-feira (13) pelo procurador-geral de Justi\u00e7a da Para\u00edba, Francisco Ser\u00e1phico Ferraz da N\u00f3brega Filho, em solenidade conduzida pela procuradora-geral da Rep\u00fablica, Raquel Dodge, em Bras\u00edlia.<\/p>\n<p>Francisco Ser\u00e1phico ressaltou a import\u00e2ncia dessa parceria, que vai ampliar as possibilidades de troca de informa\u00e7\u00f5es em tempo real, entre os estados brasileiros, permitindo, por exemplo, que uma pessoa desaparecida na Para\u00edba seja encontrada em S\u00e3o Paulo. Isso porque a iniciativa n\u00e3o s\u00f3 cria um cadastro nacional, mas tamb\u00e9m conta com um mecanismo de busca das pessoas.<\/p>\n<p>O Sinalid foi desenvolvido pelo Minist\u00e9rio P\u00fablico do Estado do Rio de Janeiro (MP-RJ) e disponibilizado aos demais MPs, atrav\u00e9s de um acordo de Coopera\u00e7\u00e3o T\u00e9cnica assinado com o Conselho Nacional do Minist\u00e9rio P\u00fablico (CNMP). Segundo estimativa do Minist\u00e9rio P\u00fablico, cerca de 200 mil pessoas desaparecerem por ano no Pa\u00eds.<\/p>\n<p>Como vai funcionar<\/p>\n<p>Segundo os idealizadores o que faz as pessoas desaparecerem com muita frequ\u00eancia \u00e9 a falta de informa\u00e7\u00e3o circulando. \u00c0s vezes, uma pessoa desaparece em um Estado, tira um documento em outro e a fam\u00edlia dela n\u00e3o fica sabendo, porque n\u00e3o existe essa intercomunica\u00e7\u00e3o. O acordo de coopera\u00e7\u00e3o prev\u00ea a colabora\u00e7\u00e3o de agentes externos ao Minist\u00e9rio P\u00fablico.<br \/>\nNem todos os casos de desaparecimento est\u00e3o ligados a crimes e, por isso, as buscas n\u00e3o devem ser concentradas no \u00e2mbito policial. O sistema poder\u00e1 identificar por, exemplo, idosos com Alzheimer que est\u00e3o em abrigos, crian\u00e7as que s\u00e3o encontradas na rua, pessoas com transtornos mentais e pessoas internadas em hospitais.<\/p>\n<p><strong>CARIRI EM A\u00c7\u00c3O<\/strong><\/p>\n<p><em>Com Ascom \/Foto: Google\u00a0\u00a0 <\/em><\/p>\n<p><strong>Leia mais not\u00edcias em\u00a0<\/strong><a href=\"http:\/\/www.caririemacao.com\/\"><strong>caririemacao.com<\/strong><\/a><strong>, siga nossa p\u00e1gina no\u00a0<\/strong><a href=\"https:\/\/www.facebook.com\/CaririEmAcao\/?ref=aymt_homepage_panel\"><strong>Facebook<\/strong><\/a>,<strong>\u00a0<\/strong><a href=\"https:\/\/www.instagram.com\/cariri_em_acao\/?hl=pt-br\"><strong>Instagram<\/strong><\/a><strong>\u00a0e <\/strong><a href=\"https:\/\/www.youtube.com\/channel\/UCAptA0jQuYQy8vMhLt2m4qg\"><strong>Youtube<\/strong><\/a><strong>\u00a0e veja nossas mat\u00e9rias, v\u00eddeos e fotos. Voc\u00ea tamb\u00e9m pode enviar informa\u00e7\u00f5es \u00e0 Reda\u00e7\u00e3o do Portal Cariri em A\u00e7\u00e3o pelo WhatsApp (83) 9 9634.5791, (83) 9 9601-1162.<\/strong><\/p>\n","protected":false},"excerpt":{"rendered":"<p>O Minist\u00e9rio P\u00fablico da Para\u00edba (MPPB) aderiu ao Sistema Nacional de Localiza\u00e7\u00e3o e Identifica\u00e7\u00e3o de Desaparecidos (Sinalid). Com a medida, o estado da Para\u00edba poder\u00e1&hellip; <\/p>\n","protected":false},"author":2,"featured_media":33194,"comment_status":"closed","ping_status":"closed","sticky":false,"template":"","format":"standard","meta":{"sfsi_plus_gutenberg_text_before_share":"","sfsi_plus_gutenberg_show_text_before_share":"","sfsi_plus_gutenberg_icon_type":"","sfsi_plus_gutenberg_icon_alignemt":"","sfsi_plus_gutenburg_max_per_row":"","footnotes":""},"categories":[12],"tags":[],"class_list":["post-33177","post","type-post","status-publish","format-standard","has-post-thumbnail","hentry","category-policia"],"_links":{"self":[{"href":"https:\/\/www.caririemacao.com\/1\/wp-json\/wp\/v2\/posts\/33177","targetHints":{"allow":["GET"]}}],"collection":[{"href":"https:\/\/www.caririemacao.com\/1\/wp-json\/wp\/v2\/posts"}],"about":[{"href":"https:\/\/www.caririemacao.com\/1\/wp-json\/wp\/v2\/types\/post"}],"author":[{"embeddable":true,"href":"https:\/\/www.caririemacao.com\/1\/wp-json\/wp\/v2\/users\/2"}],"replies":[{"embeddable":true,"href":"https:\/\/www.caririemacao.com\/1\/wp-json\/wp\/v2\/comments?post=33177"}],"version-history":[{"count":0,"href":"https:\/\/www.caririemacao.com\/1\/wp-json\/wp\/v2\/posts\/33177\/revisions"}],"wp:featuredmedia":[{"embeddable":true,"href":"https:\/\/www.caririemacao.com\/1\/wp-json\/wp\/v2\/media\/33194"}],"wp:attachment":[{"href":"https:\/\/www.caririemacao.com\/1\/wp-json\/wp\/v2\/media?parent=33177"}],"wp:term":[{"taxonomy":"category","embeddable":true,"href":"https:\/\/www.caririemacao.com\/1\/wp-json\/wp\/v2\/categories?post=33177"},{"taxonomy":"post_tag","embeddable":true,"href":"https:\/\/www.caririemacao.com\/1\/wp-json\/wp\/v2\/tags?post=33177"}],"curies":[{"name":"wp","href":"https:\/\/api.w.org\/{rel}","templated":true}]}}