{"id":33259,"date":"2017-11-15T10:22:30","date_gmt":"2017-11-15T13:22:30","guid":{"rendered":"http:\/\/caririemacao.com\/1\/?p=33259"},"modified":"2017-11-15T10:22:30","modified_gmt":"2017-11-15T13:22:30","slug":"ricardo-amplia-escolas-integrais-e-abre-matriculas-da-rede-estadual-para-2018","status":"publish","type":"post","link":"https:\/\/www.caririemacao.com\/1\/2017\/11\/15\/ricardo-amplia-escolas-integrais-e-abre-matriculas-da-rede-estadual-para-2018\/","title":{"rendered":"Ricardo amplia Escolas Integrais e abre matr\u00edculas da Rede Estadual para 2018"},"content":{"rendered":"<p>O governador Ricardo Coutinho anunciou, nesta segunda-feira (13), no Espa\u00e7o Cultural, a amplia\u00e7\u00e3o das Escolas Cidad\u00e3s Integrais da Rede Estadual que, a partir de 2018, contar\u00e1 com 100 unidades neste modelo de ensino, atendendo a aproximadamente 35 mil estudantes de 53 munic\u00edpios paraibanos. Atualmente, a Rede Estadual disp\u00f5e de 33 escolas integrais. Na ocasi\u00e3o, o governador tamb\u00e9m abriu oficialmente as matr\u00edculas para o pr\u00f3ximo ano letivo.<\/p>\n<p>Durante a solenidade, tamb\u00e9m houve o lan\u00e7amento da Plataforma \u201cAprendizagem em Foco\u201d, a apresenta\u00e7\u00e3o do Mapa de Expans\u00e3o das Escolas Cidad\u00e3s Integrais na Rede Estadual e a assinatura da Medida Provis\u00f3ria que institui a cria\u00e7\u00e3o das Escolas Cidad\u00e3s Integrais, assim como a assinatura do Edital do Processo Seletivo Simplificado das Escolas Cidad\u00e3s Integrais (ECI) e Escolas Cidad\u00e3s Integrais T\u00e9cnicas (ECIT) para gestores, professores e coordenadores.<\/p>\n<p>Em seu pronunciamento, o governador Ricardo Coutinho ressaltou que a educa\u00e7\u00e3o deve existir em fun\u00e7\u00e3o dos alunos, ser de qualidade e proporcionar melhores oportunidades de futuro para todos.<\/p>\n<p>&#8220;Com as Escolas Integrais estamos semeando o futuro desses jovens que amanh\u00e3 ter\u00e3o mais chances na vida. \u00c9 o maior salto de qualidade que a escola p\u00fablica j\u00e1 viu. Um ter\u00e7o dos alunos do ensino m\u00e9dio estudar\u00e1 em tempo integral, com mat\u00e9rias transversais e educa\u00e7\u00e3o de qualidade\u201d, frisou.<\/p>\n<p>As Escolas Cidad\u00e3s Integrais funcionam em tempo integral com nove aulas di\u00e1rias, com um curr\u00edculo integrado formado por disciplinas da base comum curricular, disciplinas da parte diversificada e disciplinas da base profissional (t\u00e9cnica), no caso das Escolas Cidad\u00e3s Integrais T\u00e9cnicas (ECIT). Trata-se de uma pol\u00edtica p\u00fablica de educa\u00e7\u00e3o integral, inserida nos Planos Estadual e Nacional de Educa\u00e7\u00e3o.<\/p>\n<p>De acordo com o secret\u00e1rio da Educa\u00e7\u00e3o, Al\u00e9ssio Trindade, a implanta\u00e7\u00e3o do modelo integral na Rede Estadual teve in\u00edcio com oito escolas em 2016 e at\u00e9 este ano 33 unidades de ensino compartilhavam dessa experi\u00eancia.<\/p>\n<p>&#8220;A partir de 2018 ser\u00e3o 100 Escolas Cidad\u00e3s Integrais espalhadas pela Para\u00edba. Os locais foram escolhidos com base nos indicadores de viol\u00eancia para tentar dar outras perspectivas para os jovens. Buscamos uma educa\u00e7\u00e3o de alto n\u00edvel para os estudantes, onde eles possam reconstruir sua hist\u00f3ria e estudar n\u00e3o somente a parte did\u00e1tica, mas adquirir conhecimentos para toda a vida&#8221;, falou.<\/p>\n<p>Na solenidade, o estudante Willian Alves, que \u00e9 aluno da Escola Liliosa de Paiva Leite, em Jo\u00e3o Pessoa, fez a renova\u00e7\u00e3o da matr\u00edcula e comentou: \u201cA Escola Integral ser\u00e1 um grande passo rumo ao desenvolvimento da nossa educa\u00e7\u00e3o. Temos v\u00e1rios professores competentes que nos deixam tranquilos em fazer parte desse novo modelo de ensino\u201d.<\/p>\n<p>Os estudantes veteranos da Rede Estadual podem renovar a matr\u00edcula procurando as secretarias das escolas at\u00e9 o dia 30 de novembro. De 1\u00ba a 21 de dezembro ser\u00e3o abertas as inscri\u00e7\u00f5es para os estudantes novatos. A efetiva\u00e7\u00e3o das matr\u00edculas, com poss\u00edveis ajustes, est\u00e1 agendada para o per\u00edodo de 22 a 29 de dezembro. Nos dias 1, 2, 5 e 6 de fevereiro acontecer\u00e1 planejamento do ano letivo.<\/p>\n<p>As aulas come\u00e7am no dia 7 de fevereiro de 2018. A Rede Estadual disponibiliza cerca de 500 mil vagas e o Governo do Estado garante vagas para todos que procurem as escolas estaduais. Para tirar d\u00favidas sobre as escolas que se tornar\u00e3o integrais e acerca das vagas dispon\u00edveis em cada unidade, os alunos poder\u00e3o ligar para o n\u00famero 3218-5138.<\/p>\n<p><strong>CARIRI EM A\u00c7\u00c3O<\/strong><\/p>\n<p><em>Com Portal Correio\/Foto: Google\u00a0\u00a0 <\/em><\/p>\n<p><strong>Leia mais not\u00edcias em\u00a0<\/strong><a href=\"http:\/\/www.caririemacao.com\/\"><strong>caririemacao.com<\/strong><\/a><strong>, siga nossa p\u00e1gina no\u00a0<\/strong><a href=\"https:\/\/www.facebook.com\/CaririEmAcao\/?ref=aymt_homepage_panel\"><strong>Facebook<\/strong><\/a>,<strong>\u00a0<\/strong><a href=\"https:\/\/www.instagram.com\/cariri_em_acao\/?hl=pt-br\"><strong>Instagram<\/strong><\/a><strong>\u00a0e <\/strong><a href=\"https:\/\/www.youtube.com\/channel\/UCAptA0jQuYQy8vMhLt2m4qg\"><strong>Youtube<\/strong><\/a><strong>\u00a0e veja nossas mat\u00e9rias, v\u00eddeos e fotos. Voc\u00ea tamb\u00e9m pode enviar informa\u00e7\u00f5es \u00e0 Reda\u00e7\u00e3o do Portal Cariri em A\u00e7\u00e3o pelo WhatsApp (83) 9 9634.5791, (83) 9 9601-1162.<\/strong><\/p>\n","protected":false},"excerpt":{"rendered":"<p>O governador Ricardo Coutinho anunciou, nesta segunda-feira (13), no Espa\u00e7o Cultural, a amplia\u00e7\u00e3o das Escolas Cidad\u00e3s Integrais da Rede Estadual que, a partir de 2018,&hellip; <\/p>\n","protected":false},"author":2,"featured_media":33260,"comment_status":"closed","ping_status":"closed","sticky":false,"template":"","format":"standard","meta":{"sfsi_plus_gutenberg_text_before_share":"","sfsi_plus_gutenberg_show_text_before_share":"","sfsi_plus_gutenberg_icon_type":"","sfsi_plus_gutenberg_icon_alignemt":"","sfsi_plus_gutenburg_max_per_row":"","footnotes":""},"categories":[11],"tags":[],"class_list":["post-33259","post","type-post","status-publish","format-standard","has-post-thumbnail","hentry","category-politica"],"_links":{"self":[{"href":"https:\/\/www.caririemacao.com\/1\/wp-json\/wp\/v2\/posts\/33259","targetHints":{"allow":["GET"]}}],"collection":[{"href":"https:\/\/www.caririemacao.com\/1\/wp-json\/wp\/v2\/posts"}],"about":[{"href":"https:\/\/www.caririemacao.com\/1\/wp-json\/wp\/v2\/types\/post"}],"author":[{"embeddable":true,"href":"https:\/\/www.caririemacao.com\/1\/wp-json\/wp\/v2\/users\/2"}],"replies":[{"embeddable":true,"href":"https:\/\/www.caririemacao.com\/1\/wp-json\/wp\/v2\/comments?post=33259"}],"version-history":[{"count":0,"href":"https:\/\/www.caririemacao.com\/1\/wp-json\/wp\/v2\/posts\/33259\/revisions"}],"wp:featuredmedia":[{"embeddable":true,"href":"https:\/\/www.caririemacao.com\/1\/wp-json\/wp\/v2\/media\/33260"}],"wp:attachment":[{"href":"https:\/\/www.caririemacao.com\/1\/wp-json\/wp\/v2\/media?parent=33259"}],"wp:term":[{"taxonomy":"category","embeddable":true,"href":"https:\/\/www.caririemacao.com\/1\/wp-json\/wp\/v2\/categories?post=33259"},{"taxonomy":"post_tag","embeddable":true,"href":"https:\/\/www.caririemacao.com\/1\/wp-json\/wp\/v2\/tags?post=33259"}],"curies":[{"name":"wp","href":"https:\/\/api.w.org\/{rel}","templated":true}]}}