{"id":33335,"date":"2017-11-16T09:52:16","date_gmt":"2017-11-16T12:52:16","guid":{"rendered":"http:\/\/caririemacao.com\/1\/?p=33335"},"modified":"2017-11-16T09:52:16","modified_gmt":"2017-11-16T12:52:16","slug":"juizes-e-servidores-do-judiciario-do-rio-recebem-auxilio-peru","status":"publish","type":"post","link":"https:\/\/www.caririemacao.com\/1\/2017\/11\/16\/juizes-e-servidores-do-judiciario-do-rio-recebem-auxilio-peru\/","title":{"rendered":"Ju\u00edzes e servidores do Judici\u00e1rio do Rio recebem &#8216;aux\u00edlio-peru&#8217;"},"content":{"rendered":"<p>Enquanto 221.604 servidores e aposentados do Rio ainda aguardam o pagamento do sal\u00e1rio de setembro, o Tribunal de Justi\u00e7a do Estado depositou na ter\u00e7a-feira R$ 2 mil a ju\u00edzes e servidores a t\u00edtulo de abono de Natal.<\/p>\n<p>O benef\u00edcio, conhecido como &#8220;aux\u00edlio-peru&#8221;, foi criado em 2007 e \u00e9 pago a todos os servidores e inativos do Judici\u00e1rio, que j\u00e1 s\u00e3o beneficiados em rela\u00e7\u00e3o a outras categorias no cronograma de pagamentos de sal\u00e1rios do Estado.<\/p>\n<p>O Tribunal de Justi\u00e7a n\u00e3o informou quanto gasta com o benef\u00edcio, mas, considerando que o n\u00famero de benefici\u00e1rios chega a 15.316, o custo foi de R$ 3,063 milh\u00f5es. O \u00f3rg\u00e3o disse que os recursos s\u00e3o provenientes de arrecada\u00e7\u00e3o pr\u00f3pria do tribunal.<\/p>\n<p>&#8220;Diante da crise financeira pela qual passa o Estado, o presidente do Tribunal, desembargador Milton Fernandes, considera que seria um desest\u00edmulo muito grande aos servidores suspender o abono justamente neste momento&#8221;, defendeu a institui\u00e7\u00e3o.<\/p>\n<p>Os servidores do Judici\u00e1rio, assim como os do Legislativo e do Minist\u00e9rio P\u00fablico, n\u00e3o enfrentam atrasos de sal\u00e1rios, como a grande maioria dos funcion\u00e1rios p\u00fablicos estaduais, que v\u00eam sofrendo fortemente os efeitos da crise econ\u00f4mica do Estado.<\/p>\n<p>Parte do custeio dos poderes \u00e9 feita por meio de repasse do Tesouro estadual conhecido como duod\u00e9cimo. O or\u00e7amento do Tribunal de Justi\u00e7a do Rio para 2017 prev\u00ea receita de R$ 3,506 bilh\u00f5es, dos quais R$ 2,056 bilh\u00f5es s\u00e3o provenientes de transfer\u00eancias da arrecada\u00e7\u00e3o do Estado.<\/p>\n<p>&#8220;A gente lamenta a situa\u00e7\u00e3o que est\u00e1 acontecendo no Rio e temos brigado para que os servidores tenham o maior n\u00famero de conquistas. Mas, com cen\u00e1rio de tr\u00eas anos sem reajustes, \u00e9 um dinheiro que vem em boa hora&#8221;, diz Ramon Carrera, diretor do Sindicato dos Servidores do Poder Judici\u00e1rio do Estado do Rio.<\/p>\n<p>O Rio ainda deve R$ 650,3 milh\u00f5es em sal\u00e1rios de setembro. Os vencimentos de outubro devem ser pagos no pr\u00f3ximo dia 16 apenas a servidores e inativos da Seguran\u00e7a e servidores da Educa\u00e7\u00e3o -o pagamento do restante depender\u00e1 da arrecada\u00e7\u00e3o.<\/p>\n<p>Esses grupos tamb\u00e9m t\u00eam sido privilegiados no cronograma de pagamentos. Ainda assim, parte dos servidores das duas \u00e1reas ainda n\u00e3o recebeu 13\u00ba e bonifica\u00e7\u00f5es referentes ao ano de 2016.<\/p>\n<p>No dia 1\u00ba, o governo Luiz Fernando Pez\u00e3o obteve em leil\u00e3o empr\u00e9stimo de R$ 2,9 bilh\u00f5es para quitar os sal\u00e1rios atrasados. O dinheiro ser\u00e1 emprestado pelo banco BNP Paribas e ter\u00e1 garantia da Uni\u00e3o, que tomar\u00e1 do Rio a\u00e7\u00f5es da Cedae (Companhia Estadual de \u00c1gua e Esgoto) caso o financiamento n\u00e3o seja pago.<\/p>\n<p>Os recursos devem entrar no caixa do governo at\u00e9 o fim do m\u00eas, mas o governo n\u00e3o garante o pagamento do 13\u00ba de 2017 ainda neste ano. &#8220;Estamos bastante pessimistas com rela\u00e7\u00e3o \u00e0 capacidade do governo de cumprir suas promessas&#8221;, disse Gustavo Miranda, coordenador jur\u00eddico do Sindicato Estadual dos Profissionais da Educa\u00e7\u00e3o.<\/p>\n<p><strong>CARIRI EM A\u00c7\u00c3O<\/strong><\/p>\n<p><em>Com Valor\/Foto: Google\u00a0\u00a0 <\/em><\/p>\n<p><strong>Leia mais not\u00edcias em\u00a0<\/strong><a href=\"http:\/\/www.caririemacao.com\/\"><strong>caririemacao.com<\/strong><\/a><strong>, siga nossa p\u00e1gina no\u00a0<\/strong><a href=\"https:\/\/www.facebook.com\/CaririEmAcao\/?ref=aymt_homepage_panel\"><strong>Facebook<\/strong><\/a>,<strong>\u00a0<\/strong><a href=\"https:\/\/www.instagram.com\/cariri_em_acao\/?hl=pt-br\"><strong>Instagram<\/strong><\/a><strong>\u00a0e <\/strong><a href=\"https:\/\/www.youtube.com\/channel\/UCAptA0jQuYQy8vMhLt2m4qg\"><strong>Youtube<\/strong><\/a><strong>\u00a0e veja nossas mat\u00e9rias, v\u00eddeos e fotos. Voc\u00ea tamb\u00e9m pode enviar informa\u00e7\u00f5es \u00e0 Reda\u00e7\u00e3o do Portal Cariri em A\u00e7\u00e3o pelo WhatsApp (83) 9 9634.5791, (83) 9 9601-1162.<\/strong><\/p>\n","protected":false},"excerpt":{"rendered":"<p>Enquanto 221.604 servidores e aposentados do Rio ainda aguardam o pagamento do sal\u00e1rio de setembro, o Tribunal de Justi\u00e7a do Estado depositou na ter\u00e7a-feira R$&hellip; <\/p>\n","protected":false},"author":2,"featured_media":27293,"comment_status":"closed","ping_status":"closed","sticky":false,"template":"","format":"standard","meta":{"sfsi_plus_gutenberg_text_before_share":"","sfsi_plus_gutenberg_show_text_before_share":"","sfsi_plus_gutenberg_icon_type":"","sfsi_plus_gutenberg_icon_alignemt":"","sfsi_plus_gutenburg_max_per_row":"","footnotes":""},"categories":[2],"tags":[],"class_list":["post-33335","post","type-post","status-publish","format-standard","has-post-thumbnail","hentry","category-geral"],"_links":{"self":[{"href":"https:\/\/www.caririemacao.com\/1\/wp-json\/wp\/v2\/posts\/33335","targetHints":{"allow":["GET"]}}],"collection":[{"href":"https:\/\/www.caririemacao.com\/1\/wp-json\/wp\/v2\/posts"}],"about":[{"href":"https:\/\/www.caririemacao.com\/1\/wp-json\/wp\/v2\/types\/post"}],"author":[{"embeddable":true,"href":"https:\/\/www.caririemacao.com\/1\/wp-json\/wp\/v2\/users\/2"}],"replies":[{"embeddable":true,"href":"https:\/\/www.caririemacao.com\/1\/wp-json\/wp\/v2\/comments?post=33335"}],"version-history":[{"count":0,"href":"https:\/\/www.caririemacao.com\/1\/wp-json\/wp\/v2\/posts\/33335\/revisions"}],"wp:featuredmedia":[{"embeddable":true,"href":"https:\/\/www.caririemacao.com\/1\/wp-json\/wp\/v2\/media\/27293"}],"wp:attachment":[{"href":"https:\/\/www.caririemacao.com\/1\/wp-json\/wp\/v2\/media?parent=33335"}],"wp:term":[{"taxonomy":"category","embeddable":true,"href":"https:\/\/www.caririemacao.com\/1\/wp-json\/wp\/v2\/categories?post=33335"},{"taxonomy":"post_tag","embeddable":true,"href":"https:\/\/www.caririemacao.com\/1\/wp-json\/wp\/v2\/tags?post=33335"}],"curies":[{"name":"wp","href":"https:\/\/api.w.org\/{rel}","templated":true}]}}