{"id":33344,"date":"2017-11-16T10:06:19","date_gmt":"2017-11-16T13:06:19","guid":{"rendered":"http:\/\/caririemacao.com\/1\/?p=33344"},"modified":"2017-11-16T10:06:19","modified_gmt":"2017-11-16T13:06:19","slug":"tce-pb-reune-imprensa-para-mostrar-novas-ferramentas-de-acompanhamento-da-gestao","status":"publish","type":"post","link":"https:\/\/www.caririemacao.com\/1\/2017\/11\/16\/tce-pb-reune-imprensa-para-mostrar-novas-ferramentas-de-acompanhamento-da-gestao\/","title":{"rendered":"TCE-PB re\u00fane imprensa para mostrar novas ferramentas de acompanhamento da gest\u00e3o"},"content":{"rendered":"<p>O presidente do Tribunal de Contas da Para\u00edba, conselheiro Andr\u00e9 Carlo Torres Pontes, re\u00fane, nesta sexta-feira (17), profissionais de comunica\u00e7\u00e3o do estado para apresenta\u00e7\u00e3o de novas ferramentas digitais de acompanhamento da gest\u00e3o p\u00fablica. Na oportunidade, os participantes tamb\u00e9m aprender\u00e3o como o banco de dados do TCE-PB pode ser mais amplamente explorado na produ\u00e7\u00e3o de informa\u00e7\u00f5es de interesse p\u00fablico.<strong><a href=\"http:\/\/portalcorreio.com.br\/politica\/\" target=\"_blank\" rel=\"noopener\"><br \/>\n<\/a><\/strong><br \/>\nO encontro, sob a coordena\u00e7\u00e3o da Assessoria de Comunica\u00e7\u00e3o do Tribunal e denominado \u201cCaf\u00e9 com Dados\u201d, tem in\u00edcio \u00e0s 8h, no Centro Cultural Ariano Suassuna. O evento \u00e9 destinado a jornalistas, radialistas, profissionais de ve\u00edculos digitais e assessores de imprensa de \u00f3rg\u00e3os p\u00fablicos \u2013 do Governo do Estado, Prefeituras e C\u00e2maras Municipais.<\/p>\n<p>Durante a apresenta\u00e7\u00e3o, eles receber\u00e3o orienta\u00e7\u00f5es sobre como trabalhar estat\u00edsticas, gr\u00e1ficos e dados comparativos dispon\u00edveis, por exemplo, no Sagres Pain\u00e9is e Sagres Combust\u00edveis, no Geo-PB, no o \u00cdndice de Efetividade da Gest\u00e3o Municipal (IEGM), no Indicadores de Desempenho dos Gastos P\u00fablicos na Para\u00edba com Educa\u00e7\u00e3o na Para\u00edba (IDGPB ) e Tramita. \u201cCom as ferramentas, os profissionais de imprensa poder\u00e3o ter acesso, com agilidade e transpar\u00eancia, \u00e0s principais informa\u00e7\u00f5es relativas \u00e0 gest\u00e3o p\u00fablica fornecidas pelos pr\u00f3prios gestores e que comp\u00f5em nosso banco de dados\u201d, observou o presidente ao refor\u00e7ar o convite para o evento.<\/p>\n<p>Para participar, os interessados devem fazer suas inscri\u00e7\u00f5es pelo Portal do Tribunal de Contas no link:\u00a0<a href=\"https:\/\/www.doity.com.br\/cafe-com-dados\" target=\"_blank\" rel=\"noopener\"><strong>www.doity.com.br\/cafe-com-dados<\/strong><\/a>. As inscri\u00e7\u00f5es s\u00e3o gratuitas.<\/p>\n<p><strong>CARIRI EM A\u00c7\u00c3O<\/strong><\/p>\n<p><em>Com Portal Correio\u00a0 \/Foto:Divulga\u00e7\u00e3o \/ Mateus Pires\/ TCE-PB<\/em><\/p>\n<p><strong>Leia mais not\u00edcias em\u00a0<\/strong><a href=\"http:\/\/www.caririemacao.com\/\"><strong>caririemacao.com<\/strong><\/a><strong>, siga nossa p\u00e1gina no\u00a0<\/strong><a href=\"https:\/\/www.facebook.com\/CaririEmAcao\/?ref=aymt_homepage_panel\"><strong>Facebook<\/strong><\/a>,<strong>\u00a0<\/strong><a href=\"https:\/\/www.instagram.com\/cariri_em_acao\/?hl=pt-br\"><strong>Instagram<\/strong><\/a><strong>\u00a0e <\/strong><a href=\"https:\/\/www.youtube.com\/channel\/UCAptA0jQuYQy8vMhLt2m4qg\"><strong>Youtube<\/strong><\/a><strong>\u00a0e veja nossas mat\u00e9rias, v\u00eddeos e fotos. Voc\u00ea tamb\u00e9m pode enviar informa\u00e7\u00f5es \u00e0 Reda\u00e7\u00e3o do Portal Cariri em A\u00e7\u00e3o pelo WhatsApp (83) 9 9634.5791, (83) 9 9601-1162.<\/strong><\/p>\n","protected":false},"excerpt":{"rendered":"<p>O presidente do Tribunal de Contas da Para\u00edba, conselheiro Andr\u00e9 Carlo Torres Pontes, re\u00fane, nesta sexta-feira (17), profissionais de comunica\u00e7\u00e3o do estado para apresenta\u00e7\u00e3o de&hellip; <\/p>\n","protected":false},"author":2,"featured_media":33346,"comment_status":"closed","ping_status":"closed","sticky":false,"template":"","format":"standard","meta":{"sfsi_plus_gutenberg_text_before_share":"","sfsi_plus_gutenberg_show_text_before_share":"","sfsi_plus_gutenberg_icon_type":"","sfsi_plus_gutenberg_icon_alignemt":"","sfsi_plus_gutenburg_max_per_row":"","footnotes":""},"categories":[2],"tags":[],"class_list":["post-33344","post","type-post","status-publish","format-standard","has-post-thumbnail","hentry","category-geral"],"_links":{"self":[{"href":"https:\/\/www.caririemacao.com\/1\/wp-json\/wp\/v2\/posts\/33344","targetHints":{"allow":["GET"]}}],"collection":[{"href":"https:\/\/www.caririemacao.com\/1\/wp-json\/wp\/v2\/posts"}],"about":[{"href":"https:\/\/www.caririemacao.com\/1\/wp-json\/wp\/v2\/types\/post"}],"author":[{"embeddable":true,"href":"https:\/\/www.caririemacao.com\/1\/wp-json\/wp\/v2\/users\/2"}],"replies":[{"embeddable":true,"href":"https:\/\/www.caririemacao.com\/1\/wp-json\/wp\/v2\/comments?post=33344"}],"version-history":[{"count":0,"href":"https:\/\/www.caririemacao.com\/1\/wp-json\/wp\/v2\/posts\/33344\/revisions"}],"wp:featuredmedia":[{"embeddable":true,"href":"https:\/\/www.caririemacao.com\/1\/wp-json\/wp\/v2\/media\/33346"}],"wp:attachment":[{"href":"https:\/\/www.caririemacao.com\/1\/wp-json\/wp\/v2\/media?parent=33344"}],"wp:term":[{"taxonomy":"category","embeddable":true,"href":"https:\/\/www.caririemacao.com\/1\/wp-json\/wp\/v2\/categories?post=33344"},{"taxonomy":"post_tag","embeddable":true,"href":"https:\/\/www.caririemacao.com\/1\/wp-json\/wp\/v2\/tags?post=33344"}],"curies":[{"name":"wp","href":"https:\/\/api.w.org\/{rel}","templated":true}]}}