{"id":33422,"date":"2017-11-17T10:11:16","date_gmt":"2017-11-17T13:11:16","guid":{"rendered":"http:\/\/caririemacao.com\/1\/?p=33422"},"modified":"2017-11-17T10:11:16","modified_gmt":"2017-11-17T13:11:16","slug":"abertas-inscricoes-para-servidores-de-escolas-cidadas-na-pb-uma-delas-localizada-em-serra-branca","status":"publish","type":"post","link":"https:\/\/www.caririemacao.com\/1\/2017\/11\/17\/abertas-inscricoes-para-servidores-de-escolas-cidadas-na-pb-uma-delas-localizada-em-serra-branca\/","title":{"rendered":"Abertas inscri\u00e7\u00f5es para servidores de Escolas Cidad\u00e3s na PB; uma delas localizada em Serra Branca"},"content":{"rendered":"<div class=\"mc-column content-text active-extra-styles active-capital-letter\" data-block-type=\"unstyled\" data-block-weight=\"45\" data-block-id=\"1\">\n<p class=\"content-text__container theme-color-primary-first-letter\" data-track-category=\"Link no Texto\" data-track-links=\"\">Est\u00e3o abertas at\u00e9 o dia 3 de dezembro as inscri\u00e7\u00f5es no processo seletivo simplificado para a composi\u00e7\u00e3o do banco de reserva t\u00e9cnica dos servidores da rede estadual de ensino da Para\u00edba que queiram atuar como professores, coordenadores pedag\u00f3gicos e coordenadores administrativo-financeiros nas Escolas Cidad\u00e3s Integrais.<\/p>\n<\/div>\n<div class=\"mc-column content-text active-extra-styles \" data-block-type=\"unstyled\" data-block-weight=\"12\" data-block-id=\"2\">\n<p class=\"content-text__container \" data-track-category=\"Link no Texto\" data-track-links=\"\"><strong><a href=\"https:\/\/sites.google.com\/view\/processoseletivoeci2018\/edital-232017?authuser=0\" target=\"_blank\" rel=\"noopener\">Confira o edital da sele\u00e7\u00e3o de servidores para as Escolas Cidad\u00e3s Integrais<\/a><\/strong><\/p>\n<\/div>\n<div class=\"mc-column content-text active-extra-styles \" data-block-type=\"unstyled\" data-block-weight=\"61\" data-block-id=\"3\">\n<p class=\"content-text__container \" data-track-category=\"Link no Texto\" data-track-links=\"\">O processo seletivo consiste nas etapas de prova, entrevista e an\u00e1lise curricular e o total de vagas n\u00e3o foi informado no edital. Os sal\u00e1rios v\u00e3o ser compostos pela bolsa escola cidad\u00e3 de R$ 1 mil somada ao vencimento, a gratifica\u00e7\u00e3o por hora-aula e a bolsa de desempenho profissional.\u00a0<a href=\"https:\/\/sites.google.com\/view\/processoseletivoeci2018\/p%C3%A1gina-inicial\" target=\"_blank\" rel=\"noopener\">As inscri\u00e7\u00f5es devem ser feitas de forma online, no site do processo seletivo.<\/a><\/p>\n<\/div>\n<div class=\"mc-column content-text active-extra-styles \" data-block-type=\"unstyled\" data-block-weight=\"51\" data-block-id=\"4\">\n<p class=\"content-text__container \" data-track-category=\"Link no Texto\" data-track-links=\"\">Para se candidatar na fun\u00e7\u00e3o de professor, \u00e9 necess\u00e1rio que o servidor tenha curso superior em licenciatura, gradua\u00e7\u00e3o plena com habilita\u00e7\u00e3o espec\u00edfica em \u00e1rea pr\u00f3pria ou forma\u00e7\u00e3o superior em \u00e1rea correspodente. Al\u00e9m disso, \u00e9 preciso j\u00e1 ser professor em exerc\u00edcio com atua\u00e7\u00e3o em sala de aula e lotado na rede estadual.<\/p>\n<\/div>\n<div class=\"mc-column content-text active-extra-styles \" data-block-type=\"unstyled\" data-block-weight=\"34\" data-block-id=\"5\">\n<p class=\"content-text__container \" data-track-category=\"Link no Texto\" data-track-links=\"\">A fun\u00e7\u00e3o de coordenador pedag\u00f3gico exige forma\u00e7\u00e3o em qualquer curso superior de licenciatura plena, que exer\u00e7a a fun\u00e7\u00e3o preferencial de professor da rede estadual e tenha experi\u00eancia m\u00ednima de seis meses na rede estadual.<\/p>\n<\/div>\n<div class=\"mc-column content-text active-extra-styles \" data-block-type=\"unstyled\" data-block-weight=\"51\" data-block-id=\"6\">\n<p class=\"content-text__container \" data-track-category=\"Link no Texto\" data-track-links=\"\">J\u00e1 o cargo de coordenador administrativo-financeiro exige forma\u00e7\u00e3o em curso superior de licenciatura plena ou bacharel em administra\u00e7\u00e3o, contabilidade, economia ou direito. Tamb\u00e9m \u00e9 preciso ter experi\u00eancia de seis meses na rede estadual de ensino e ser professor ou profissional em exerc\u00edcio no ensino estadual, atuando na \u00e1rea administrativa ou doc\u00eancia.<\/p>\n<\/div>\n<div class=\"mc-column content-text active-extra-styles \" data-block-type=\"unstyled\" data-block-weight=\"41\" data-block-id=\"7\">\n<p class=\"content-text__container \" data-track-category=\"Link no Texto\" data-track-links=\"\">Para todas as func\u00f5es, o servidor precisa aderir voluntariamente \u00e0 carga hor\u00e1ria multidisciplinar de 40 horas, com plena disponibilidade para Regime de Dedica\u00e7\u00e3o Docente Integral (RDDI), al\u00e9m de n\u00e3o ter sofrido penalidades por qualquer tipo de il\u00edcito nos \u00faltimos cinco anos.<\/p>\n<\/div>\n<div data-track-category=\"fim do conteudo\" data-track-action=\"ultimo chunk conteudo\" data-track-noninteraction=\"false\" data-track-scroll=\"entrada completa viewport\">\n<div class=\"mc-column content-text active-extra-styles \" data-block-type=\"unstyled\" data-block-weight=\"30\" data-block-id=\"8\">\n<p class=\"content-text__container \" data-track-category=\"Link no Texto\" data-track-links=\"\">\u00c9 vedada \u00e0 participa\u00e7\u00e3o do processo seletivo de servidores que est\u00e3o admitidos por meio da celebra\u00e7\u00e3o de contrato de emerg\u00eancia, para atua\u00e7\u00e3o como docente, em virtude do afastamento de professores.<\/p>\n<\/div>\n<\/div>\n<div class=\"infopost\">\n<p><strong>CARIRI EM A\u00c7\u00c3O<\/strong><\/p>\n<p><em>ComAscom \/Foto:\u00a0 Google\u00a0\u00a0 <\/em><\/p>\n<p><strong>Leia mais not\u00edcias em\u00a0<\/strong><a href=\"http:\/\/www.caririemacao.com\/\"><strong>caririemacao.com<\/strong><\/a><strong>, siga nossa p\u00e1gina no\u00a0<\/strong><a href=\"https:\/\/www.facebook.com\/CaririEmAcao\/?ref=aymt_homepage_panel\"><strong>Facebook<\/strong><\/a>,<strong>\u00a0<\/strong><a href=\"https:\/\/www.instagram.com\/cariri_em_acao\/?hl=pt-br\"><strong>Instagram<\/strong><\/a><strong>\u00a0e <\/strong><a href=\"https:\/\/www.youtube.com\/channel\/UCAptA0jQuYQy8vMhLt2m4qg\"><strong>Youtube<\/strong><\/a><strong>\u00a0e veja nossas mat\u00e9rias, v\u00eddeos e fotos. Voc\u00ea tamb\u00e9m pode enviar informa\u00e7\u00f5es \u00e0 Reda\u00e7\u00e3o do Portal Cariri em A\u00e7\u00e3o pelo WhatsApp (83) 9 9634.5791, (83) 9 9601-1162.<\/strong><\/p>\n<\/div>\n","protected":false},"excerpt":{"rendered":"<p>Est\u00e3o abertas at\u00e9 o dia 3 de dezembro as inscri\u00e7\u00f5es no processo seletivo simplificado para a composi\u00e7\u00e3o do banco de reserva t\u00e9cnica dos servidores da&hellip; <\/p>\n","protected":false},"author":2,"featured_media":26247,"comment_status":"closed","ping_status":"closed","sticky":false,"template":"","format":"standard","meta":{"sfsi_plus_gutenberg_text_before_share":"","sfsi_plus_gutenberg_show_text_before_share":"","sfsi_plus_gutenberg_icon_type":"","sfsi_plus_gutenberg_icon_alignemt":"","sfsi_plus_gutenburg_max_per_row":"","footnotes":""},"categories":[14],"tags":[],"class_list":["post-33422","post","type-post","status-publish","format-standard","has-post-thumbnail","hentry","category-educacao"],"_links":{"self":[{"href":"https:\/\/www.caririemacao.com\/1\/wp-json\/wp\/v2\/posts\/33422","targetHints":{"allow":["GET"]}}],"collection":[{"href":"https:\/\/www.caririemacao.com\/1\/wp-json\/wp\/v2\/posts"}],"about":[{"href":"https:\/\/www.caririemacao.com\/1\/wp-json\/wp\/v2\/types\/post"}],"author":[{"embeddable":true,"href":"https:\/\/www.caririemacao.com\/1\/wp-json\/wp\/v2\/users\/2"}],"replies":[{"embeddable":true,"href":"https:\/\/www.caririemacao.com\/1\/wp-json\/wp\/v2\/comments?post=33422"}],"version-history":[{"count":0,"href":"https:\/\/www.caririemacao.com\/1\/wp-json\/wp\/v2\/posts\/33422\/revisions"}],"wp:featuredmedia":[{"embeddable":true,"href":"https:\/\/www.caririemacao.com\/1\/wp-json\/wp\/v2\/media\/26247"}],"wp:attachment":[{"href":"https:\/\/www.caririemacao.com\/1\/wp-json\/wp\/v2\/media?parent=33422"}],"wp:term":[{"taxonomy":"category","embeddable":true,"href":"https:\/\/www.caririemacao.com\/1\/wp-json\/wp\/v2\/categories?post=33422"},{"taxonomy":"post_tag","embeddable":true,"href":"https:\/\/www.caririemacao.com\/1\/wp-json\/wp\/v2\/tags?post=33422"}],"curies":[{"name":"wp","href":"https:\/\/api.w.org\/{rel}","templated":true}]}}