{"id":33424,"date":"2017-11-17T10:15:36","date_gmt":"2017-11-17T13:15:36","guid":{"rendered":"http:\/\/caririemacao.com\/1\/?p=33424"},"modified":"2017-11-17T10:15:36","modified_gmt":"2017-11-17T13:15:36","slug":"veneziano-nao-tenho-duvida-que-joao-azevedo-sera-competitivo","status":"publish","type":"post","link":"https:\/\/www.caririemacao.com\/1\/2017\/11\/17\/veneziano-nao-tenho-duvida-que-joao-azevedo-sera-competitivo\/","title":{"rendered":"Veneziano: \u201cN\u00e3o tenho d\u00favida que Jo\u00e3o Azev\u00eado ser\u00e1 competitivo\u201d"},"content":{"rendered":"<p>O deputado federal, Veneziano Vital do R\u00eago (PMDB), declarou, na manh\u00e3 desta sexta-feira (17), que n\u00e3o tem d\u00favida que o secret\u00e1rio Jo\u00e3o Azev\u00eado (PSB) se tornar\u00e1 competitivo para as elei\u00e7\u00f5es 2018.<\/p>\n<p>Em entrevista a R\u00e1dio 98 FM, de Campina Grande, o parlamentar lembrou que Jo\u00e3o Azevedo tem acompanhado de perto todas as a\u00e7\u00f5es do governo junto com o governador Ricardo Coutinho (PSB) que tem absolvido sua candidatura.<\/p>\n<p>\u201cJo\u00e3o tem em m\u00e3os o conhecimento completo, pleno e detalhado sobre o que fez pelo estado at\u00e9 em face de est\u00e1 acompanhando Ricardo desde o per\u00edodo que o governador administrava Jo\u00e3o Pessoa. Ent\u00e3o ele fala com conhecimentos poder\u00e1, n\u00e3o tenho d\u00favidas, torna-se extremamente competitivo para esse processo eleitoral de 2018.<\/p>\n<p><strong>CARIRI EM A\u00c7\u00c3O<\/strong><\/p>\n<p><em>Com MaisPB\/Foto: Google\u00a0\u00a0 <\/em><\/p>\n<p><strong>Leia mais not\u00edcias em\u00a0<\/strong><a href=\"http:\/\/www.caririemacao.com\/\"><strong>caririemacao.com<\/strong><\/a><strong>, siga nossa p\u00e1gina no\u00a0<\/strong><a href=\"https:\/\/www.facebook.com\/CaririEmAcao\/?ref=aymt_homepage_panel\"><strong>Facebook<\/strong><\/a>,<strong>\u00a0<\/strong><a href=\"https:\/\/www.instagram.com\/cariri_em_acao\/?hl=pt-br\"><strong>Instagram<\/strong><\/a><strong>\u00a0e <\/strong><a href=\"https:\/\/www.youtube.com\/channel\/UCAptA0jQuYQy8vMhLt2m4qg\"><strong>Youtube<\/strong><\/a><strong>\u00a0e veja nossas mat\u00e9rias, v\u00eddeos e fotos. Voc\u00ea tamb\u00e9m pode enviar informa\u00e7\u00f5es \u00e0 Reda\u00e7\u00e3o do Portal Cariri em A\u00e7\u00e3o pelo WhatsApp (83) 9 9634.5791, (83) 9 9601-1162.<\/strong><\/p>\n","protected":false},"excerpt":{"rendered":"<p>O deputado federal, Veneziano Vital do R\u00eago (PMDB), declarou, na manh\u00e3 desta sexta-feira (17), que n\u00e3o tem d\u00favida que o secret\u00e1rio Jo\u00e3o Azev\u00eado (PSB) se&hellip; <\/p>\n","protected":false},"author":2,"featured_media":33425,"comment_status":"closed","ping_status":"closed","sticky":false,"template":"","format":"standard","meta":{"sfsi_plus_gutenberg_text_before_share":"","sfsi_plus_gutenberg_show_text_before_share":"","sfsi_plus_gutenberg_icon_type":"","sfsi_plus_gutenberg_icon_alignemt":"","sfsi_plus_gutenburg_max_per_row":"","footnotes":""},"categories":[1],"tags":[],"class_list":["post-33424","post","type-post","status-publish","format-standard","has-post-thumbnail","hentry","category-o-site"],"_links":{"self":[{"href":"https:\/\/www.caririemacao.com\/1\/wp-json\/wp\/v2\/posts\/33424","targetHints":{"allow":["GET"]}}],"collection":[{"href":"https:\/\/www.caririemacao.com\/1\/wp-json\/wp\/v2\/posts"}],"about":[{"href":"https:\/\/www.caririemacao.com\/1\/wp-json\/wp\/v2\/types\/post"}],"author":[{"embeddable":true,"href":"https:\/\/www.caririemacao.com\/1\/wp-json\/wp\/v2\/users\/2"}],"replies":[{"embeddable":true,"href":"https:\/\/www.caririemacao.com\/1\/wp-json\/wp\/v2\/comments?post=33424"}],"version-history":[{"count":0,"href":"https:\/\/www.caririemacao.com\/1\/wp-json\/wp\/v2\/posts\/33424\/revisions"}],"wp:featuredmedia":[{"embeddable":true,"href":"https:\/\/www.caririemacao.com\/1\/wp-json\/wp\/v2\/media\/33425"}],"wp:attachment":[{"href":"https:\/\/www.caririemacao.com\/1\/wp-json\/wp\/v2\/media?parent=33424"}],"wp:term":[{"taxonomy":"category","embeddable":true,"href":"https:\/\/www.caririemacao.com\/1\/wp-json\/wp\/v2\/categories?post=33424"},{"taxonomy":"post_tag","embeddable":true,"href":"https:\/\/www.caririemacao.com\/1\/wp-json\/wp\/v2\/tags?post=33424"}],"curies":[{"name":"wp","href":"https:\/\/api.w.org\/{rel}","templated":true}]}}