{"id":33427,"date":"2017-11-17T10:18:59","date_gmt":"2017-11-17T13:18:59","guid":{"rendered":"http:\/\/caririemacao.com\/1\/?p=33427"},"modified":"2017-11-17T10:18:59","modified_gmt":"2017-11-17T13:18:59","slug":"governo-do-estado-realiza-mutirao-de-cirurgias-de-catarata-em-varios-municipios","status":"publish","type":"post","link":"https:\/\/www.caririemacao.com\/1\/2017\/11\/17\/governo-do-estado-realiza-mutirao-de-cirurgias-de-catarata-em-varios-municipios\/","title":{"rendered":"Governo do Estado realiza mutir\u00e3o de cirurgias de catarata em v\u00e1rios munic\u00edpios"},"content":{"rendered":"<p>O Governo do Estado, por meio da Secretaria de Estado da Sa\u00fade (SES), est\u00e1 realizando mutir\u00e3o de cirurgias de catarata em v\u00e1rios munic\u00edpios. Nesta quinta (16) e sexta-feira (17), a atividade ocorre em Princesa Isabel; em Monteiro, as cirurgias ser\u00e3o feitas nos dias 18, 19, 20 e 21; e no per\u00edodo de 20 a 24 de novembro, o mutir\u00e3o ser\u00e1 concentrado no Hospital Geral de Mamanguape; e em Pombal, de 4 a 6 de dezembro. O objetivo do mutir\u00e3o \u00e9 agilizar os procedimentos em pacientes que est\u00e3o na fila de espera.<\/p>\n<p>\u201cA perspectiva \u00e9 que os mutir\u00f5es continuem em 2018\u201d, disse a gerente de Regula\u00e7\u00e3o da SES, Selda Gomes. Ela lembra que a iniciativa beneficia, de forma direta, a popula\u00e7\u00e3o idosa. \u201cOs mutir\u00f5es v\u00eam atendendo \u00e0s necessidades dos usu\u00e1rios, buscando devolver a vis\u00e3o, principalmente dos idosos, que a perdem devido \u00e0 presen\u00e7a de catarata\u201d, disse.<\/p>\n<p>Ser\u00e1 beneficiado com as cirurgias todo paciente cadastrado, que tem a indica\u00e7\u00e3o do procedimento. \u00c9 necess\u00e1ria a realiza\u00e7\u00e3o de exames pr\u00e9-operat\u00f3rios e laudo cir\u00fargico.<\/p>\n<p>No Hospital Regional de Princesa Isabel, est\u00e3o previstas 116 cirurgias, que podem aumentar dependendo dos encaminhamentos dos munic\u00edpios. O atendimento est\u00e1 iniciando \u00e0s 8h da manh\u00e3 e ser\u00e3o contemplados os sete munic\u00edpios que comp\u00f5em a 11\u00aa Regi\u00e3o: Imaculada, \u00c1gua Branca, Juru, Tavares, Princesa Isabel, S\u00e3o Jos\u00e9 de Princesa e Mana\u00edra.<\/p>\n<p>No Hospital Regional Santa Filomena, em Monteiro, ser\u00e3o 200 cirurgias, para moradores dos 17 munic\u00edpios da regi\u00e3o, a partir de s\u00e1bado at\u00e9 o dia 21 de novembro. No Hospital Geral de Mamanguape tamb\u00e9m ser\u00e3o realizadas 200 cirurgias que beneficiar\u00e3o pacientes de 11 munic\u00edpios da 14\u00aa Regi\u00e3o de Sa\u00fade (Vale do Mamanguape), no per\u00edodo de 20 a 24 de novembro.<\/p>\n<p>A 13\u00aa Regi\u00e3o de Sa\u00fade foi contemplada com 250 cirurgias de cataratas, divididas entre os munic\u00edpios de Pombal, Paulista, Lagoa, S\u00e3o Bentinho e S\u00e3o Domingos, que ser\u00e3o realizadas pelo Hospital Regional de Pombal, no per\u00edodo de 4 a 6 de dezembro.<\/p>\n<p>O Hospital Regional de Sousa est\u00e1 na fase final das cirurgias. A 10\u00aa Regi\u00e3o de Sa\u00fade foi contemplada com 300 cirurgias, sendo divididas para os nove munic\u00edpios que comp\u00f5em a regi\u00e3o. J\u00e1 foram operadas 226 pessoas dos munic\u00edpios de Sousa, Nazarezinho, Aparecida, Lastro, Mariz\u00f3polis, S\u00e3o Jos\u00e9 da Lagoa Tapada, Santa Cruz, S\u00e3o Francisco e Vieir\u00f3polis. O in\u00edcio da triagem e as cirurgias ocorreram entre os meses de julho, agosto, setembro e novembro.<\/p>\n<p>Os mutir\u00f5es ocorrem, anualmente, desde 2011 e j\u00e1 foram mais de 10 mil procedimentos e mais de R$ 7,5 milh\u00f5es investidos. Selda lembra que, para se cadastrarem, os usu\u00e1rios devem procurar as Secretarias de Sa\u00fade dos seus munic\u00edpios e, dessa forma, realizar a cirurgia gratuita.<\/p>\n<div class=\"sharedaddy sd-sharing-enabled\">\n<div class=\"robots-nocontent sd-block sd-social sd-social-icon sd-sharing\">\n<p><strong>CARIRI EM A\u00c7\u00c3O<\/strong><\/p>\n<p><em>Com Ascom\/Foto: Google\u00a0\u00a0 <\/em><\/p>\n<p><strong>Leia mais not\u00edcias em\u00a0<\/strong><a href=\"http:\/\/www.caririemacao.com\/\"><strong>caririemacao.com<\/strong><\/a><strong>, siga nossa p\u00e1gina no\u00a0<\/strong><a href=\"https:\/\/www.facebook.com\/CaririEmAcao\/?ref=aymt_homepage_panel\"><strong>Facebook<\/strong><\/a>,<strong>\u00a0<\/strong><a href=\"https:\/\/www.instagram.com\/cariri_em_acao\/?hl=pt-br\"><strong>Instagram<\/strong><\/a><strong>\u00a0e <\/strong><a href=\"https:\/\/www.youtube.com\/channel\/UCAptA0jQuYQy8vMhLt2m4qg\"><strong>Youtube<\/strong><\/a><strong>\u00a0e veja nossas mat\u00e9rias, v\u00eddeos e fotos. Voc\u00ea tamb\u00e9m pode enviar informa\u00e7\u00f5es \u00e0 Reda\u00e7\u00e3o do Portal Cariri em A\u00e7\u00e3o pelo WhatsApp (83) 9 9634.5791, (83) 9 9601-1162.<\/strong><\/p>\n<\/div>\n<\/div>\n","protected":false},"excerpt":{"rendered":"<p>O Governo do Estado, por meio da Secretaria de Estado da Sa\u00fade (SES), est\u00e1 realizando mutir\u00e3o de cirurgias de catarata em v\u00e1rios munic\u00edpios. Nesta quinta&hellip; <\/p>\n","protected":false},"author":2,"featured_media":33428,"comment_status":"closed","ping_status":"closed","sticky":false,"template":"","format":"standard","meta":{"sfsi_plus_gutenberg_text_before_share":"","sfsi_plus_gutenberg_show_text_before_share":"","sfsi_plus_gutenberg_icon_type":"","sfsi_plus_gutenberg_icon_alignemt":"","sfsi_plus_gutenburg_max_per_row":"","footnotes":""},"categories":[2],"tags":[],"class_list":["post-33427","post","type-post","status-publish","format-standard","has-post-thumbnail","hentry","category-geral"],"_links":{"self":[{"href":"https:\/\/www.caririemacao.com\/1\/wp-json\/wp\/v2\/posts\/33427","targetHints":{"allow":["GET"]}}],"collection":[{"href":"https:\/\/www.caririemacao.com\/1\/wp-json\/wp\/v2\/posts"}],"about":[{"href":"https:\/\/www.caririemacao.com\/1\/wp-json\/wp\/v2\/types\/post"}],"author":[{"embeddable":true,"href":"https:\/\/www.caririemacao.com\/1\/wp-json\/wp\/v2\/users\/2"}],"replies":[{"embeddable":true,"href":"https:\/\/www.caririemacao.com\/1\/wp-json\/wp\/v2\/comments?post=33427"}],"version-history":[{"count":0,"href":"https:\/\/www.caririemacao.com\/1\/wp-json\/wp\/v2\/posts\/33427\/revisions"}],"wp:featuredmedia":[{"embeddable":true,"href":"https:\/\/www.caririemacao.com\/1\/wp-json\/wp\/v2\/media\/33428"}],"wp:attachment":[{"href":"https:\/\/www.caririemacao.com\/1\/wp-json\/wp\/v2\/media?parent=33427"}],"wp:term":[{"taxonomy":"category","embeddable":true,"href":"https:\/\/www.caririemacao.com\/1\/wp-json\/wp\/v2\/categories?post=33427"},{"taxonomy":"post_tag","embeddable":true,"href":"https:\/\/www.caririemacao.com\/1\/wp-json\/wp\/v2\/tags?post=33427"}],"curies":[{"name":"wp","href":"https:\/\/api.w.org\/{rel}","templated":true}]}}