{"id":33430,"date":"2017-11-17T10:22:45","date_gmt":"2017-11-17T13:22:45","guid":{"rendered":"http:\/\/caririemacao.com\/1\/?p=33430"},"modified":"2017-11-17T10:22:45","modified_gmt":"2017-11-17T13:22:45","slug":"ricardo-assina-acordo-com-companhia-de-bebidas-que-vai-gerar-500-empregos","status":"publish","type":"post","link":"https:\/\/www.caririemacao.com\/1\/2017\/11\/17\/ricardo-assina-acordo-com-companhia-de-bebidas-que-vai-gerar-500-empregos\/","title":{"rendered":"Ricardo assina acordo com Companhia de Bebidas que vai gerar 500 empregos"},"content":{"rendered":"<p>O governador Ricardo Coutinho assinou, nesta quinta-feira (16), na Granja Santana, um Protocolo de Inten\u00e7\u00f5es com a Companhia de Bebidas Nacional, empresa do Esp\u00edrito Santo interessada em abrir uma f\u00e1brica na Para\u00edba, gerando mais de 500 empregos diretos e indiretos. A Companhia de Bebidas produz a cerveja Experta, o refrigerante Uai, sucos de frutas, ch\u00e1s e outros produtos do ramo, tendo mais de 20 anos de experi\u00eancia no mercado nacional.<\/p>\n<p>Participaram da audi\u00eancia os secret\u00e1rios Lindolfo Pires (Turismo e Desenvolvimento Econ\u00f4mico), Jo\u00e3o Azev\u00eado (Infraestrutura, Recursos H\u00eddricos, Meio Ambiente, Ci\u00eancia e Tecnologia), Marconi Fraz\u00e3o (Receita), a presidente da Companhia de Desenvolvimento da Para\u00edba (Cinep), Tatiana Domiciano, o prefeito de Alhandra, Renato Mendes, o deputado estadual Branco Mendes, a diretora da Companhia de Bebidas, Juliana Vello, e outros representantes da empresa.<\/p>\n<p>Na oportunidade, o governador Ricardo Coutinho garantiu que far\u00e1 o necess\u00e1rio para viabilizar, o quanto antes, a vinda da Companhia de Bebidas Nacional para o Estado e ressaltou que a Para\u00edba tem todas as condi\u00e7\u00f5es para receber este e outros empreendimentos de grande porte.<\/p>\n<p>\u201cA Para\u00edba ocupa uma posi\u00e7\u00e3o central no Nordeste, possui m\u00e3o de obra qualificada, tem um grande poder de atratividade econ\u00f4mica, enfim, tudo isso facilita o desenvolvimento dos empreendimentos. Mesmo neste per\u00edodo de crise, o Estado vem avan\u00e7ando, o crescimento do varejo na Para\u00edba, por exemplo, foi de 3,5%, bem maior que a m\u00e9dia de outros estados. A Companhia de Bebidas poder\u00e1 ser mais um parceiro da Para\u00edba\u201d, observou o governador.<\/p>\n<p>De acordo com a diretora da Companhia de Bebidas, Juliana Vello, esta ser\u00e1 a primeira unidade industrial da Companhia no Nordeste e com a concretiza\u00e7\u00e3o da parceria, no segundo semestre do pr\u00f3ximo ano, a f\u00e1brica ser\u00e1 inaugurada na Para\u00edba. \u201cNosso produto \u00e9 l\u00edder de mercado no Esp\u00edrito Santo e atuamos tamb\u00e9m em Minas Gerais, Bahia e Rio de Janeiro. Temos um plano de expans\u00e3o e a Para\u00edba foi escolhida como o local que poder\u00e1 sediar nosso parque fabril aqui no Nordeste. Estamos muito otimistas com os passos que demos e creio que este projeto ter\u00e1 \u00eaxito\u201d, comentou.<\/p>\n<p>A f\u00e1brica dever\u00e1 ser instalada em uma \u00e1rea de 10 hectares, no munic\u00edpio de Alhandra, com investimento na ordem de R$ 120 milh\u00f5es e capacidade de produ\u00e7\u00e3o de 120 milh\u00f5es de litros de refrigerante e 12 milh\u00f5es de litros de cerveja por ano para o mercado nacional. A expectativa de faturamento \u00e9 de R$ 170 milh\u00f5es a ser alcan\u00e7ado no terceiro ano de opera\u00e7\u00e3o.<\/p>\n<p>\u201cO Governo do Estado apresenta uma pol\u00edtica de incentivos que tem procurado atrair empresas de outros locais com o objetivo de gerar mais emprego e renda. A Companhia de Bebidas do Esp\u00edrito Santo, ao se instalar aqui, vai fabricar cervejas e refrigerantes para abastecer o Nordeste e o pa\u00eds. Isso colabora para manter a Para\u00edba na vitrine da economia nacional\u201d, disse o secret\u00e1rio de Turismo e Desenvolvimento Econ\u00f4mico, Lindolfo Pires.<\/p>\n<p>O secret\u00e1rio de Infraestrutura, Recursos H\u00eddricos, Meio Ambiente, Ci\u00eancia e Tecnologia, Jo\u00e3o Azevedo, lembrou que a Para\u00edba conquistou o primeiro lugar do Nordeste e o d\u00e9cimo nacional no Ranking de Competitividade dos Estados, o que colabora para a atra\u00e7\u00e3o de empreendimentos. \u201cA Para\u00edba est\u00e1 organizada em sua gest\u00e3o fiscal, possui excelente infraestrutura e \u00e9 capaz de atrair, cada vez mais, novos investimentos. Somos o Estado que ficou em primeiro lugar no Ranking de Competitividade no Nordeste e isso representa que estamos no caminho certo\u201d, pontuou.<\/p>\n<p>\u201cA poss\u00edvel chegada dessa nova f\u00e1brica na nossa cidade vai ser muito importante para a gera\u00e7\u00e3o de empregos e tamb\u00e9m para trazer mais desenvolvimento na regi\u00e3o. Alhandra est\u00e1 de portas abertas e pronta para colaborar com os novos empreendimentos\u201d, falou o prefeito de Alhandra, Renato Mendes.<\/p>\n<div class=\"sharedaddy sd-sharing-enabled\">\n<div class=\"robots-nocontent sd-block sd-social sd-social-icon sd-sharing\">\n<p><strong>CARIRI EM A\u00c7\u00c3O<\/strong><\/p>\n<p><em>Com Blog do Gordinho \/Foto: Google\u00a0\u00a0 <\/em><\/p>\n<p><strong>Leia mais not\u00edcias em\u00a0<\/strong><a href=\"http:\/\/www.caririemacao.com\/\"><strong>caririemacao.com<\/strong><\/a><strong>, siga nossa p\u00e1gina no\u00a0<\/strong><a href=\"https:\/\/www.facebook.com\/CaririEmAcao\/?ref=aymt_homepage_panel\"><strong>Facebook<\/strong><\/a>,<strong>\u00a0<\/strong><a href=\"https:\/\/www.instagram.com\/cariri_em_acao\/?hl=pt-br\"><strong>Instagram<\/strong><\/a><strong>\u00a0e <\/strong><a href=\"https:\/\/www.youtube.com\/channel\/UCAptA0jQuYQy8vMhLt2m4qg\"><strong>Youtube<\/strong><\/a><strong>\u00a0e veja nossas mat\u00e9rias, v\u00eddeos e fotos. Voc\u00ea tamb\u00e9m pode enviar informa\u00e7\u00f5es \u00e0 Reda\u00e7\u00e3o do Portal Cariri em A\u00e7\u00e3o pelo WhatsApp (83) 9 9634.5791, (83) 9 9601-1162.<\/strong><\/p>\n<\/div>\n<\/div>\n","protected":false},"excerpt":{"rendered":"<p>O governador Ricardo Coutinho assinou, nesta quinta-feira (16), na Granja Santana, um Protocolo de Inten\u00e7\u00f5es com a Companhia de Bebidas Nacional, empresa do Esp\u00edrito Santo&hellip; <\/p>\n","protected":false},"author":2,"featured_media":28862,"comment_status":"closed","ping_status":"closed","sticky":false,"template":"","format":"standard","meta":{"sfsi_plus_gutenberg_text_before_share":"","sfsi_plus_gutenberg_show_text_before_share":"","sfsi_plus_gutenberg_icon_type":"","sfsi_plus_gutenberg_icon_alignemt":"","sfsi_plus_gutenburg_max_per_row":"","footnotes":""},"categories":[11],"tags":[],"class_list":["post-33430","post","type-post","status-publish","format-standard","has-post-thumbnail","hentry","category-politica"],"_links":{"self":[{"href":"https:\/\/www.caririemacao.com\/1\/wp-json\/wp\/v2\/posts\/33430","targetHints":{"allow":["GET"]}}],"collection":[{"href":"https:\/\/www.caririemacao.com\/1\/wp-json\/wp\/v2\/posts"}],"about":[{"href":"https:\/\/www.caririemacao.com\/1\/wp-json\/wp\/v2\/types\/post"}],"author":[{"embeddable":true,"href":"https:\/\/www.caririemacao.com\/1\/wp-json\/wp\/v2\/users\/2"}],"replies":[{"embeddable":true,"href":"https:\/\/www.caririemacao.com\/1\/wp-json\/wp\/v2\/comments?post=33430"}],"version-history":[{"count":0,"href":"https:\/\/www.caririemacao.com\/1\/wp-json\/wp\/v2\/posts\/33430\/revisions"}],"wp:featuredmedia":[{"embeddable":true,"href":"https:\/\/www.caririemacao.com\/1\/wp-json\/wp\/v2\/media\/28862"}],"wp:attachment":[{"href":"https:\/\/www.caririemacao.com\/1\/wp-json\/wp\/v2\/media?parent=33430"}],"wp:term":[{"taxonomy":"category","embeddable":true,"href":"https:\/\/www.caririemacao.com\/1\/wp-json\/wp\/v2\/categories?post=33430"},{"taxonomy":"post_tag","embeddable":true,"href":"https:\/\/www.caririemacao.com\/1\/wp-json\/wp\/v2\/tags?post=33430"}],"curies":[{"name":"wp","href":"https:\/\/api.w.org\/{rel}","templated":true}]}}