{"id":33497,"date":"2017-11-18T12:31:14","date_gmt":"2017-11-18T15:31:14","guid":{"rendered":"http:\/\/caririemacao.com\/1\/?p=33497"},"modified":"2017-11-18T12:31:58","modified_gmt":"2017-11-18T15:31:58","slug":"encceja-sera-realizado-neste-domingo-em-todo-o-pais","status":"publish","type":"post","link":"https:\/\/www.caririemacao.com\/1\/2017\/11\/18\/encceja-sera-realizado-neste-domingo-em-todo-o-pais\/","title":{"rendered":"Encceja ser\u00e1 realizado neste domingo em todo o pa\u00eds"},"content":{"rendered":"<p>Mais de 1,5 milh\u00e3o de pessoas que ainda n\u00e3o conclu\u00edram os cursos do ensino fundamental e m\u00e9dio ter\u00e3o neste domingo (19) mais uma oportunidade para atingir esse objetivo. O Exame Nacional para Certifica\u00e7\u00e3o de Compet\u00eancias de Jovens e Adultos (Encceja) 2017 ser\u00e1 realizado em 564 munic\u00edpios. De acordo com o Minist\u00e9rio da Educa\u00e7\u00e3o (MEC), este ano ser\u00e3o 301.583 participantes do ensino fundamental e 1.272.279 do ensino m\u00e9dio.<\/p>\n<p>O exame ser\u00e1 aplicado em dois turnos. De manh\u00e3, os port\u00f5es abrir\u00e3o \u00e0s 8h e ser\u00e3o fechados \u00e0s 8h45, os testes come\u00e7am \u00e0s 9h e terminam \u00e0s 13h, no hor\u00e1rio de Bras\u00edlia. Os candidatos do ensino fundamental far\u00e3o provas de ci\u00eancias naturais, hist\u00f3ria e geografia. Para o ensino m\u00e9dio, as provas ser\u00e3o de ci\u00eancias da natureza e suas tecnologias, al\u00e9m de ci\u00eancias humanas e suas tecnologias.<\/p>\n<p>No turno da tarde, os port\u00f5es abrir\u00e3o \u00e0s 14h e fechar\u00e3o \u00e0s 15h15. O exame come\u00e7a \u00e0s 15h30 e vai at\u00e9 as 20h30. Os candidatos do ensino fundamental far\u00e3o as provas de l\u00edngua portuguesa, l\u00edngua estrangeira moderna, artes, educa\u00e7\u00e3o f\u00edsica, matem\u00e1tica e reda\u00e7\u00e3o. Para o ensino m\u00e9dio, haver\u00e1 os testes de linguagens e c\u00f3digos e suas tecnologias, reda\u00e7\u00e3o e matem\u00e1tica e suas tecnologias.<\/p>\n<p>De acordo com o MEC, as provas objetivas ter\u00e3o, cada uma, 30 quest\u00f5es de m\u00faltipla escolha. Para obter o certificado ou a declara\u00e7\u00e3o de profici\u00eancia, o participante deve fazer, no m\u00ednimo, 100 dos 200 pontos poss\u00edveis em cada uma das \u00e1reas de conhecimento, informa o MEC.<\/p>\n<p>O Instituto Nacional de Estudos e Pesquisas Educacionais An\u00edsio Teixeira (Inep) divulgou os locais de provas, que podem ser acessados pelos candidatos no<a href=\"http:\/\/enccejanacional.inep.gov.br\/encceja\/#!\/inicial\" target=\"_blank\" rel=\"noopener\">\u00a0<em>site<\/em>\u00a0do instituto<\/a>.<\/p>\n<p><strong>CARIRI EM A\u00c7\u00c3O<\/strong><\/p>\n<p><em>Com Ag\u00eancia Brasil\/Foto: Google\u00a0\u00a0 <\/em><\/p>\n<p><strong>Leia mais not\u00edcias em\u00a0<\/strong><a href=\"http:\/\/www.caririemacao.com\/\"><strong>caririemacao.com<\/strong><\/a><strong>, siga nossa p\u00e1gina no\u00a0<\/strong><a href=\"https:\/\/www.facebook.com\/CaririEmAcao\/?ref=aymt_homepage_panel\"><strong>Facebook<\/strong><\/a>,<strong>\u00a0<\/strong><a href=\"https:\/\/www.instagram.com\/cariri_em_acao\/?hl=pt-br\"><strong>Instagram<\/strong><\/a><strong>\u00a0e <\/strong><a href=\"https:\/\/www.youtube.com\/channel\/UCAptA0jQuYQy8vMhLt2m4qg\"><strong>Youtube<\/strong><\/a><strong>\u00a0e veja nossas mat\u00e9rias, v\u00eddeos e fotos. Voc\u00ea tamb\u00e9m pode enviar informa\u00e7\u00f5es \u00e0 Reda\u00e7\u00e3o do Portal Cariri em A\u00e7\u00e3o pelo WhatsApp (83) 9 9634.5791, (83) 9 9601-1162.<\/strong><\/p>\n","protected":false},"excerpt":{"rendered":"<p>Mais de 1,5 milh\u00e3o de pessoas que ainda n\u00e3o conclu\u00edram os cursos do ensino fundamental e m\u00e9dio ter\u00e3o neste domingo (19) mais uma oportunidade para&hellip; <\/p>\n","protected":false},"author":2,"featured_media":33498,"comment_status":"closed","ping_status":"closed","sticky":false,"template":"","format":"standard","meta":{"sfsi_plus_gutenberg_text_before_share":"","sfsi_plus_gutenberg_show_text_before_share":"","sfsi_plus_gutenberg_icon_type":"","sfsi_plus_gutenberg_icon_alignemt":"","sfsi_plus_gutenburg_max_per_row":"","footnotes":""},"categories":[14],"tags":[],"class_list":["post-33497","post","type-post","status-publish","format-standard","has-post-thumbnail","hentry","category-educacao"],"_links":{"self":[{"href":"https:\/\/www.caririemacao.com\/1\/wp-json\/wp\/v2\/posts\/33497","targetHints":{"allow":["GET"]}}],"collection":[{"href":"https:\/\/www.caririemacao.com\/1\/wp-json\/wp\/v2\/posts"}],"about":[{"href":"https:\/\/www.caririemacao.com\/1\/wp-json\/wp\/v2\/types\/post"}],"author":[{"embeddable":true,"href":"https:\/\/www.caririemacao.com\/1\/wp-json\/wp\/v2\/users\/2"}],"replies":[{"embeddable":true,"href":"https:\/\/www.caririemacao.com\/1\/wp-json\/wp\/v2\/comments?post=33497"}],"version-history":[{"count":0,"href":"https:\/\/www.caririemacao.com\/1\/wp-json\/wp\/v2\/posts\/33497\/revisions"}],"wp:featuredmedia":[{"embeddable":true,"href":"https:\/\/www.caririemacao.com\/1\/wp-json\/wp\/v2\/media\/33498"}],"wp:attachment":[{"href":"https:\/\/www.caririemacao.com\/1\/wp-json\/wp\/v2\/media?parent=33497"}],"wp:term":[{"taxonomy":"category","embeddable":true,"href":"https:\/\/www.caririemacao.com\/1\/wp-json\/wp\/v2\/categories?post=33497"},{"taxonomy":"post_tag","embeddable":true,"href":"https:\/\/www.caririemacao.com\/1\/wp-json\/wp\/v2\/tags?post=33497"}],"curies":[{"name":"wp","href":"https:\/\/api.w.org\/{rel}","templated":true}]}}