{"id":33501,"date":"2017-11-18T12:38:59","date_gmt":"2017-11-18T15:38:59","guid":{"rendered":"http:\/\/caririemacao.com\/1\/?p=33501"},"modified":"2017-11-18T12:38:59","modified_gmt":"2017-11-18T15:38:59","slug":"justica-do-df-condena-renan-calheiros-a-perda-do-mandato","status":"publish","type":"post","link":"https:\/\/www.caririemacao.com\/1\/2017\/11\/18\/justica-do-df-condena-renan-calheiros-a-perda-do-mandato\/","title":{"rendered":"Justi\u00e7a do DF condena Renan Calheiros \u00e0 perda do mandato"},"content":{"rendered":"<section class=\"l-noticia\">A Justi\u00e7a do Distrito Federal condenou o senador Renan Calheiros (PMDB-AL) a perder o mandato e ainda suspendeu seus direitos pol\u00edticos por oito anos por improbidade administrativa, motivada por enriquecimento il\u00edcito e recebimento de vantagem patrimonial indevida. Quem deu a senten\u00e7a foi o juiz Waldemar Carvalho, da 14\u00aa Vara Federal. Renan pode recorrer da decis\u00e3o sem deixar o cargo.<\/p>\n<p>O processo \u00e9 relacionado ao caso do pagamento de pens\u00e3o a um filho que Renan Calheiros teve fora do casamento.<\/p>\n<p>Por meio de nota, Renan Calheiros disse que n\u00e3o conhece a decis\u00e3o, que est\u00e1 sob segredo de Justi\u00e7a, mas que, se for confirmada, vai recorrer com serenidade.<\/p>\n<p>Renan foi condenado por enriquecimento il\u00edcito e vantagem patrimonial indevida. A defesa do senador pode apelar ao pr\u00f3prio juiz da 14\u00aa Vara Federal do DF ou ao Tribunal Regional Federal (TRF) da 1\u00aa Regi\u00e3o.<\/p>\n<p>O caso quase tirou de Renan da Presid\u00eancia do Senado em 2007, depois que a jornalista M\u00f4nica Veloso, com quem ele tinha uma filha fruto de um relacionamento extraconjugal, denunciou que o senador pagava a pens\u00e3o da crian\u00e7a com dinheiro de um lobista da empreiteira Mendes J\u00fanior. Renan escapou de ter o mandato cassado ap\u00f3s ser absolvido em vota\u00e7\u00e3o em plen\u00e1rio.<\/p>\n<p>Mas ap\u00f3s seis meses de den\u00fancias, o senador Renan Calheiros renunciou em dezembro de 2007 \u00e0 presid\u00eancia do Senado como estrat\u00e9gia para evitar a cassa\u00e7\u00e3o do mandato no plen\u00e1rio do Senado pela acusa\u00e7\u00e3o de ter sociedade, por meio de &#8220;laranjas&#8221;, com o usineiro Jo\u00e3o Lyra em duas emissoras de r\u00e1dio e um jornal em Alagoas.<\/p>\n<p><b>Outras investiga\u00e7\u00f5es<\/b><\/p>\n<p>Al\u00e9m de oito inqu\u00e9ritos em que \u00e9 investigado na Lava Jato, Renan ainda responde a outros tr\u00eas inqu\u00e9ritos no STF, sendo um da Opera\u00e7\u00e3o Zelotes \u2013 que apura um esquema de compra de senten\u00e7as no Conselho Administrativo de Recursos Fiscais (Carf) \u2013, um sobre fraudes na constru\u00e7\u00e3o da hidrel\u00e9trica de Belo Monte, no Par\u00e1, e outro sobre movimenta\u00e7\u00e3o financeira suspeita.<\/p>\n<p><strong>CARIRI EM A\u00c7\u00c3O<\/strong><\/p>\n<p><em>Com G1 \/Foto: Google\u00a0\u00a0 <\/em><\/p>\n<p><strong>Leia mais not\u00edcias em\u00a0<\/strong><a href=\"http:\/\/www.caririemacao.com\/\"><strong>caririemacao.com<\/strong><\/a><strong>, siga nossa p\u00e1gina no\u00a0<\/strong><a href=\"https:\/\/www.facebook.com\/CaririEmAcao\/?ref=aymt_homepage_panel\"><strong>Facebook<\/strong><\/a>,<strong>\u00a0<\/strong><a href=\"https:\/\/www.instagram.com\/cariri_em_acao\/?hl=pt-br\"><strong>Instagram<\/strong><\/a><strong>\u00a0e <\/strong><a href=\"https:\/\/www.youtube.com\/channel\/UCAptA0jQuYQy8vMhLt2m4qg\"><strong>Youtube<\/strong><\/a><strong>\u00a0e veja nossas mat\u00e9rias, v\u00eddeos e fotos. Voc\u00ea tamb\u00e9m pode enviar informa\u00e7\u00f5es \u00e0 Reda\u00e7\u00e3o do Portal Cariri em A\u00e7\u00e3o pelo WhatsApp (83) 9 9634.5791, (83) 9 9601-1162.<\/strong><\/p>\n<\/section>\n","protected":false},"excerpt":{"rendered":"<p>A Justi\u00e7a do Distrito Federal condenou o senador Renan Calheiros (PMDB-AL) a perder o mandato e ainda suspendeu seus direitos pol\u00edticos por oito anos por&hellip; <\/p>\n","protected":false},"author":2,"featured_media":13129,"comment_status":"closed","ping_status":"closed","sticky":false,"template":"","format":"standard","meta":{"sfsi_plus_gutenberg_text_before_share":"","sfsi_plus_gutenberg_show_text_before_share":"","sfsi_plus_gutenberg_icon_type":"","sfsi_plus_gutenberg_icon_alignemt":"","sfsi_plus_gutenburg_max_per_row":"","footnotes":""},"categories":[11],"tags":[],"class_list":["post-33501","post","type-post","status-publish","format-standard","has-post-thumbnail","hentry","category-politica"],"_links":{"self":[{"href":"https:\/\/www.caririemacao.com\/1\/wp-json\/wp\/v2\/posts\/33501","targetHints":{"allow":["GET"]}}],"collection":[{"href":"https:\/\/www.caririemacao.com\/1\/wp-json\/wp\/v2\/posts"}],"about":[{"href":"https:\/\/www.caririemacao.com\/1\/wp-json\/wp\/v2\/types\/post"}],"author":[{"embeddable":true,"href":"https:\/\/www.caririemacao.com\/1\/wp-json\/wp\/v2\/users\/2"}],"replies":[{"embeddable":true,"href":"https:\/\/www.caririemacao.com\/1\/wp-json\/wp\/v2\/comments?post=33501"}],"version-history":[{"count":0,"href":"https:\/\/www.caririemacao.com\/1\/wp-json\/wp\/v2\/posts\/33501\/revisions"}],"wp:featuredmedia":[{"embeddable":true,"href":"https:\/\/www.caririemacao.com\/1\/wp-json\/wp\/v2\/media\/13129"}],"wp:attachment":[{"href":"https:\/\/www.caririemacao.com\/1\/wp-json\/wp\/v2\/media?parent=33501"}],"wp:term":[{"taxonomy":"category","embeddable":true,"href":"https:\/\/www.caririemacao.com\/1\/wp-json\/wp\/v2\/categories?post=33501"},{"taxonomy":"post_tag","embeddable":true,"href":"https:\/\/www.caririemacao.com\/1\/wp-json\/wp\/v2\/tags?post=33501"}],"curies":[{"name":"wp","href":"https:\/\/api.w.org\/{rel}","templated":true}]}}