{"id":33503,"date":"2017-11-18T12:51:00","date_gmt":"2017-11-18T15:51:00","guid":{"rendered":"http:\/\/caririemacao.com\/1\/?p=33503"},"modified":"2017-11-18T12:51:45","modified_gmt":"2017-11-18T15:51:45","slug":"psb-mira-em-joaquim-barbosa-para-candidato-a-presidencia","status":"publish","type":"post","link":"https:\/\/www.caririemacao.com\/1\/2017\/11\/18\/psb-mira-em-joaquim-barbosa-para-candidato-a-presidencia\/","title":{"rendered":"PSB mira em Joaquim Barbosa para candidato \u00e0 presid\u00eancia"},"content":{"rendered":"<p>O PSB descartou a possibilidade de pr\u00e9vias para escolha do seu candidato \u00e0 Presid\u00eancia da Rep\u00fablica e refor\u00e7ou sua prefer\u00eancia pelo ex-ministro do Supremo Tribunal Federal (STF), Joaquim Barbosa. A sigla convidou Barbosa para filia\u00e7\u00e3o em junho deste ano e espera uma resposta at\u00e9 janeiro de 2018. A sigla deixou claro que, se Barbosa ingressar na legenda, ser\u00e1 para se candidatar. Na pr\u00e1tica, a sinaliza\u00e7\u00e3o do PSB \u00e9 um freio no ex-ministro dos governos Lula e Dilma, Aldo Rebelo (PSB), que, internamente, admitiu que disputar\u00e1 a indica\u00e7\u00e3o.<\/p>\n<p>O vice-presidente nacional de Rela\u00e7\u00f5es Governamentais e Internacionais do PSB, Beto Albuquerque, afirmou que o partido n\u00e3o realiza pr\u00e9vias e que apoia o nome de Joaquim Barbosa. Outro socialista tamb\u00e9m refor\u00e7ou que, se a legenda tiver candidato, ser\u00e1 o magistrado aposentado. &#8220;A postula\u00e7\u00e3o de Aldo Rebelo \u00e9 simplesmente para colocar o nome dele em destaque&#8221;, disse, em reserva. Rebelo foi filiado ao PCdoB por 40 anos e entrou no PSB em setembro de 2017. Na \u00e9poca, ele tinha negado qualquer inten\u00e7\u00e3o eleitoral ao entrar na sigla. Por meio de nota, o PSB disse que, historicamente, n\u00e3o escolhe seus candidatos por meio de pr\u00e9vias. &#8220;Segundo as regras estatut\u00e1rias, a indica\u00e7\u00e3o e aprova\u00e7\u00e3o de candidatos a presidente e vice-presidente da Rep\u00fablica cabe ao Congresso Nacional&#8221;.<\/p>\n<p>Enquanto n\u00e3o se decide, Joaquim Barbosa tem tido conversas com quadros do PSB. A legenda j\u00e1 adiou o Congresso Nacional &#8211; evento em que faz as delibera\u00e7\u00f5es eleitorais &#8211; por causa das indefini\u00e7\u00f5es quanto aos novos quadros. Em 2014, lideran\u00e7as do PSB chegaram a conversar com o ex-ministro para atrai-lo para a sigla.<\/p>\n<p><strong>CARIRI EM A\u00c7\u00c3O<\/strong><\/p>\n<p><em>Com WSCOM \/Foto:\u00a0 Google\u00a0\u00a0 <\/em><\/p>\n<p><strong>Leia mais not\u00edcias em\u00a0<\/strong><a href=\"http:\/\/www.caririemacao.com\/\"><strong>caririemacao.com<\/strong><\/a><strong>, siga nossa p\u00e1gina no\u00a0<\/strong><a href=\"https:\/\/www.facebook.com\/CaririEmAcao\/?ref=aymt_homepage_panel\"><strong>Facebook<\/strong><\/a>,<strong>\u00a0<\/strong><a href=\"https:\/\/www.instagram.com\/cariri_em_acao\/?hl=pt-br\"><strong>Instagram<\/strong><\/a><strong>\u00a0e <\/strong><a href=\"https:\/\/www.youtube.com\/channel\/UCAptA0jQuYQy8vMhLt2m4qg\"><strong>Youtube<\/strong><\/a><strong>\u00a0e veja nossas mat\u00e9rias, v\u00eddeos e fotos. Voc\u00ea tamb\u00e9m pode enviar informa\u00e7\u00f5es \u00e0 Reda\u00e7\u00e3o do Portal Cariri em A\u00e7\u00e3o pelo WhatsApp (83) 9 9634.5791, (83) 9 9601-1162.<\/strong><\/p>\n","protected":false},"excerpt":{"rendered":"<p>O PSB descartou a possibilidade de pr\u00e9vias para escolha do seu candidato \u00e0 Presid\u00eancia da Rep\u00fablica e refor\u00e7ou sua prefer\u00eancia pelo ex-ministro do Supremo Tribunal&hellip; <\/p>\n","protected":false},"author":2,"featured_media":33504,"comment_status":"closed","ping_status":"closed","sticky":false,"template":"","format":"standard","meta":{"sfsi_plus_gutenberg_text_before_share":"","sfsi_plus_gutenberg_show_text_before_share":"","sfsi_plus_gutenberg_icon_type":"","sfsi_plus_gutenberg_icon_alignemt":"","sfsi_plus_gutenburg_max_per_row":"","footnotes":""},"categories":[1],"tags":[],"class_list":["post-33503","post","type-post","status-publish","format-standard","has-post-thumbnail","hentry","category-o-site"],"_links":{"self":[{"href":"https:\/\/www.caririemacao.com\/1\/wp-json\/wp\/v2\/posts\/33503","targetHints":{"allow":["GET"]}}],"collection":[{"href":"https:\/\/www.caririemacao.com\/1\/wp-json\/wp\/v2\/posts"}],"about":[{"href":"https:\/\/www.caririemacao.com\/1\/wp-json\/wp\/v2\/types\/post"}],"author":[{"embeddable":true,"href":"https:\/\/www.caririemacao.com\/1\/wp-json\/wp\/v2\/users\/2"}],"replies":[{"embeddable":true,"href":"https:\/\/www.caririemacao.com\/1\/wp-json\/wp\/v2\/comments?post=33503"}],"version-history":[{"count":0,"href":"https:\/\/www.caririemacao.com\/1\/wp-json\/wp\/v2\/posts\/33503\/revisions"}],"wp:featuredmedia":[{"embeddable":true,"href":"https:\/\/www.caririemacao.com\/1\/wp-json\/wp\/v2\/media\/33504"}],"wp:attachment":[{"href":"https:\/\/www.caririemacao.com\/1\/wp-json\/wp\/v2\/media?parent=33503"}],"wp:term":[{"taxonomy":"category","embeddable":true,"href":"https:\/\/www.caririemacao.com\/1\/wp-json\/wp\/v2\/categories?post=33503"},{"taxonomy":"post_tag","embeddable":true,"href":"https:\/\/www.caririemacao.com\/1\/wp-json\/wp\/v2\/tags?post=33503"}],"curies":[{"name":"wp","href":"https:\/\/api.w.org\/{rel}","templated":true}]}}