{"id":33506,"date":"2017-11-18T12:57:24","date_gmt":"2017-11-18T15:57:24","guid":{"rendered":"http:\/\/caririemacao.com\/1\/?p=33506"},"modified":"2017-11-18T12:57:24","modified_gmt":"2017-11-18T15:57:24","slug":"rc-diz-que-fica-no-governo-e-nega-candidatura-em-2018-e-apenas-especulacao","status":"publish","type":"post","link":"https:\/\/www.caririemacao.com\/1\/2017\/11\/18\/rc-diz-que-fica-no-governo-e-nega-candidatura-em-2018-e-apenas-especulacao\/","title":{"rendered":"RC diz que fica no Governo e nega candidatura em 2018: \u201c\u00e9 apenas especula\u00e7\u00e3o\u201d"},"content":{"rendered":"<section class=\"l-noticia\">O governador Ricardo Coutinho (PSB) disse que est\u00e1 envolvido com a gest\u00e3o e com os avan\u00e7os da Para\u00edba, e voltou a minimizar informa\u00e7\u00f5es de uma poss\u00edvel sa\u00edda do governo para disputar as elei\u00e7\u00f5es de 2018. \u201c\u00c9 apenas especula\u00e7\u00e3o\u201d, assegura. A declara\u00e7\u00e3o aconteceu em Capina Grande, onde fez a entrega de certificados, reforma do Comando de Policiamento Regional e de motocicletas para a seguran\u00e7a p\u00fablica.<\/p>\n<p>\u201cN\u00e3o h\u00e1 da minha parte nenhuma discuss\u00e3o acerca disso, minha defini\u00e7\u00e3o \u00e9 permanecer no Governo\u201d, disse Ricardo, que tem amplo favoritismo a disputar uma das duas vagas para o Senado pela Para\u00edba.<\/p>\n<p>Para isso, no entanto, ele teria que se desincompatibilizar do cargo de governador em abril do pr\u00f3ximo ano, deixando o comando do Governo do Estado.<\/p>\n<p>Diante da negativa de candidatura, o governador foi questionado pela imprensa, em Campina Grande, sobre quem seria o nome do seu grupo que ele apoiar\u00e1 para o Senado. \u201cSe eu tivesse eu n\u00e3o ia lhe dizer\u201d, disse o governador, bem humorado.<\/p>\n<p>Segundo Ricardo Coutinho, a oposi\u00e7\u00e3o \u00e9 quem est\u00e1 preocupada com a elei\u00e7\u00e3o. \u201cA press\u00e3o vem l\u00e1 do outro lado, porque o outro lado n\u00e3o tem o que apresentar. Eles n\u00e3o conseguem ter uma obra para apresentar, um plano de governo, uma ideia, \u00e9 s\u00f3 not\u00edcia ruim que eles t\u00eam que se justificar o tempo todo, n\u00e3o s\u00f3 pelas contradi\u00e7\u00f5es, mas pelas pr\u00e1ticas tamb\u00e9m, isso eu imagino que afeta o cora\u00e7\u00e3o\u201d, disse Ricardo.<\/p>\n<p><strong>CARIRI EM A\u00c7\u00c3O<\/strong><\/p>\n<p><em>Com Click PB \/Foto:Google\u00a0\u00a0<\/em><\/p>\n<p><strong>Leia mais not\u00edcias em\u00a0<\/strong><a href=\"http:\/\/www.caririemacao.com\/\"><strong>caririemacao.com<\/strong><\/a><strong>, siga nossa p\u00e1gina no\u00a0<\/strong><a href=\"https:\/\/www.facebook.com\/CaririEmAcao\/?ref=aymt_homepage_panel\"><strong>Facebook<\/strong><\/a>,<strong>\u00a0<\/strong><a href=\"https:\/\/www.instagram.com\/cariri_em_acao\/?hl=pt-br\"><strong>Instagram<\/strong><\/a><strong>\u00a0e <\/strong><a href=\"https:\/\/www.youtube.com\/channel\/UCAptA0jQuYQy8vMhLt2m4qg\"><strong>Youtube<\/strong><\/a><strong>\u00a0e veja nossas mat\u00e9rias, v\u00eddeos e fotos. Voc\u00ea tamb\u00e9m pode enviar informa\u00e7\u00f5es \u00e0 Reda\u00e7\u00e3o do Portal Cariri em A\u00e7\u00e3o pelo WhatsApp (83) 9 9634.5791, (83) 9 9601-1162.<\/strong><\/p>\n<\/section>\n","protected":false},"excerpt":{"rendered":"<p>O governador Ricardo Coutinho (PSB) disse que est\u00e1 envolvido com a gest\u00e3o e com os avan\u00e7os da Para\u00edba, e voltou a minimizar informa\u00e7\u00f5es de uma&hellip; <\/p>\n","protected":false},"author":2,"featured_media":33507,"comment_status":"closed","ping_status":"closed","sticky":false,"template":"","format":"standard","meta":{"sfsi_plus_gutenberg_text_before_share":"","sfsi_plus_gutenberg_show_text_before_share":"","sfsi_plus_gutenberg_icon_type":"","sfsi_plus_gutenberg_icon_alignemt":"","sfsi_plus_gutenburg_max_per_row":"","footnotes":""},"categories":[1],"tags":[],"class_list":["post-33506","post","type-post","status-publish","format-standard","has-post-thumbnail","hentry","category-o-site"],"_links":{"self":[{"href":"https:\/\/www.caririemacao.com\/1\/wp-json\/wp\/v2\/posts\/33506","targetHints":{"allow":["GET"]}}],"collection":[{"href":"https:\/\/www.caririemacao.com\/1\/wp-json\/wp\/v2\/posts"}],"about":[{"href":"https:\/\/www.caririemacao.com\/1\/wp-json\/wp\/v2\/types\/post"}],"author":[{"embeddable":true,"href":"https:\/\/www.caririemacao.com\/1\/wp-json\/wp\/v2\/users\/2"}],"replies":[{"embeddable":true,"href":"https:\/\/www.caririemacao.com\/1\/wp-json\/wp\/v2\/comments?post=33506"}],"version-history":[{"count":0,"href":"https:\/\/www.caririemacao.com\/1\/wp-json\/wp\/v2\/posts\/33506\/revisions"}],"wp:featuredmedia":[{"embeddable":true,"href":"https:\/\/www.caririemacao.com\/1\/wp-json\/wp\/v2\/media\/33507"}],"wp:attachment":[{"href":"https:\/\/www.caririemacao.com\/1\/wp-json\/wp\/v2\/media?parent=33506"}],"wp:term":[{"taxonomy":"category","embeddable":true,"href":"https:\/\/www.caririemacao.com\/1\/wp-json\/wp\/v2\/categories?post=33506"},{"taxonomy":"post_tag","embeddable":true,"href":"https:\/\/www.caririemacao.com\/1\/wp-json\/wp\/v2\/tags?post=33506"}],"curies":[{"name":"wp","href":"https:\/\/api.w.org\/{rel}","templated":true}]}}