{"id":33514,"date":"2017-11-18T13:20:11","date_gmt":"2017-11-18T16:20:11","guid":{"rendered":"http:\/\/caririemacao.com\/1\/?p=33514"},"modified":"2017-11-18T13:20:11","modified_gmt":"2017-11-18T16:20:11","slug":"temer-vai-mapear-votos-da-reforma-da-previdencia-na-camara-em-reuniao-no-domingo","status":"publish","type":"post","link":"https:\/\/www.caririemacao.com\/1\/2017\/11\/18\/temer-vai-mapear-votos-da-reforma-da-previdencia-na-camara-em-reuniao-no-domingo\/","title":{"rendered":"Temer vai mapear votos da reforma da Previd\u00eancia na C\u00e2mara em reuni\u00e3o no domingo"},"content":{"rendered":"<p>O presidente Michel Temer vai examinar no domingo, 19, em reuni\u00e3o com ministros e aliados, uma s\u00e9rie de planilhas contendo as composi\u00e7\u00f5es das bancadas na C\u00e2mara, a fim de checar quantos votos cada um dos partidos da base vai lhe dar na reforma da Previd\u00eancia. O \u201cmapa da mina\u201d servir\u00e1 de ponto de partida para Temer decidir as mudan\u00e7as no primeiro escal\u00e3o de sua equipe. As trocas ser\u00e3o feitas em duas etapas e o foco inicial ser\u00e1 o PSDB.<\/p>\n<p>Na tentativa de aprovar mudan\u00e7as no regime de aposentadoria at\u00e9 meados de dezembro, o Pal\u00e1cio do Planalto condiciona a nova distribui\u00e7\u00e3o de cadeiras nos minist\u00e9rios aos votos dados pelos aliados para a mexida na Previd\u00eancia.<\/p>\n<p>O ministro da Casa Civil, Eliseu Padilha, e o deputado Beto Mansur (PRB-SP), um dos vice-l\u00edderes do governo na C\u00e2mara, levar\u00e3o ao presidente planilhas com dados sobre os deputados e a proporcionalidade das bancadas. Ali tamb\u00e9m estar\u00e3o informa\u00e7\u00f5es preciosas sobre como cada parlamentar se posicionou em vota\u00e7\u00f5es consideradas fundamentais pelo Planalto, como as den\u00fancias apresentadas pela Procuradoria-Geral da Rep\u00fablica contra Temer.<\/p>\n<p>\u201cToda essa movimenta\u00e7\u00e3o pol\u00edtica precisa ter um resultado, que \u00e9 a aprova\u00e7\u00e3o da reforma da Previd\u00eancia\u201d, disse Mansur. \u201cN\u00e3o d\u00e1 para fazer trocas na equipe e n\u00e3o ter a contrapartida que interessa.\u201d<\/p>\n<p><strong>Tucanos.\u00a0<\/strong>Prestes a desembarcar do governo, o PSDB convocou uma reuni\u00e3o de sua Executiva para quarta-feira, em Bras\u00edlia, com o objetivo de discutir, al\u00e9m do cen\u00e1rio pol\u00edtico, a reforma da Previd\u00eancia. O partido convidou especialistas para abordar o assunto. At\u00e9 agora, tucanos afirmam que, mesmo deixando a Esplanada, votar\u00e3o a favor de mudan\u00e7as para acabar com \u201cprivil\u00e9gios\u201d.<\/p>\n<p>Atualmente, o governo n\u00e3o tem os 308 votos necess\u00e1rios para aprovar a proposta de emenda \u00e0 Constitui\u00e7\u00e3o e, por isso, foi obrigado a desidrat\u00e1-la. Mesmo assim, pelos c\u00e1lculos da C\u00e2mara, nem 200 deputados endossam hoje o projeto &#8212; o Planalto avalia que tem um pouco mais. A negocia\u00e7\u00e3o, agora, se concentra na idade m\u00ednima para a aposentadoria (62 anos para mulheres e 65 para homens) e na unifica\u00e7\u00e3o das regras do funcionalismo p\u00fablico com as da iniciativa privada.<\/p>\n<p>\u201cVamos trabalhar para ter pelo menos 320 votos na C\u00e2mara. Se o partido A quer ampliar o seu espa\u00e7o no governo, precisamos saber quantos votos vai dar para a reforma da Previd\u00eancia. Mesma coisa com o partido B e assim por diante. Cada l\u00edder de bancada ter\u00e1 de ajudar nessa ca\u00e7a aos votos\u201d, insistiu Mansur. Na lista das bancadas mais fi\u00e9is a Temer est\u00e3o a ruralista e a da bala, que abrigam siglas conservadoras.<\/p>\n<p>Para o deputado, que conversou recentemente com Temer, a reforma ministerial tamb\u00e9m ser\u00e1 enxuta. \u201cO presidente vai fazer uma reforma pontual para realinhar o PSDB com os outros partidos da base e, depois, com mais calma, far\u00e1 as outras altera\u00e7\u00f5es. N\u00e3o tem cabimento, por exemplo, trocar o Mendon\u00e7a Filho (Educa\u00e7\u00e3o) e o Henrique Meirelles (Fazenda) em dezembro porque o Bruno Ara\u00fajo se adiantou para sair\u201d, completou ele.<\/p>\n<p>Filiado ao PSDB, Ara\u00fajo pediu demiss\u00e3o na segunda-feira, abrindo caminho para Temer antecipar a dan\u00e7a de cadeiras. Com um or\u00e7amento de R$ 10,1 bilh\u00f5es, Cidades \u00e9 um dos minist\u00e9rios mais cobi\u00e7ados da Esplanada e deve ser entregue ao PP, um dos partidos que comp\u00f5em o Centr\u00e3o. Os tucanos tamb\u00e9m controlam a Secretaria de Governo &#8212; respons\u00e1vel pela articula\u00e7\u00e3o pol\u00edtica do Planalto com o Congresso &#8211;, Rela\u00e7\u00f5es Exteriores e Direitos Humanos. Pela lei eleitoral, o prazo para os ministros-candidatos deixarem o governo termina no in\u00edcio de abril.<\/p>\n<div id=\"facebookWidget\" data-aop=\"facebookWidget\" data-id=\"1024\" data-m=\"{\">\u00a0<strong>CARIRI EM A\u00c7\u00c3O<\/strong><em>Com MSN \/Foto: Google\u00a0\u00a0 <\/em><\/p>\n<p><strong>Leia mais not\u00edcias em\u00a0<\/strong><a href=\"http:\/\/www.caririemacao.com\/\"><strong>caririemacao.com<\/strong><\/a><strong>, siga nossa p\u00e1gina no\u00a0<\/strong><a href=\"https:\/\/www.facebook.com\/CaririEmAcao\/?ref=aymt_homepage_panel\"><strong>Facebook<\/strong><\/a>,<strong>\u00a0<\/strong><a href=\"https:\/\/www.instagram.com\/cariri_em_acao\/?hl=pt-br\"><strong>Instagram<\/strong><\/a><strong>\u00a0e <\/strong><a href=\"https:\/\/www.youtube.com\/channel\/UCAptA0jQuYQy8vMhLt2m4qg\"><strong>Youtube<\/strong><\/a><strong>\u00a0e veja nossas mat\u00e9rias, v\u00eddeos e fotos. Voc\u00ea tamb\u00e9m pode enviar informa\u00e7\u00f5es \u00e0 Reda\u00e7\u00e3o do Portal Cariri em A\u00e7\u00e3o pelo WhatsApp (83) 9 9634.5791, (83) 9 9601-1162.<\/strong><\/p>\n<\/div>\n","protected":false},"excerpt":{"rendered":"<p>O presidente Michel Temer vai examinar no domingo, 19, em reuni\u00e3o com ministros e aliados, uma s\u00e9rie de planilhas contendo as composi\u00e7\u00f5es das bancadas na&hellip; <\/p>\n","protected":false},"author":2,"featured_media":30916,"comment_status":"closed","ping_status":"closed","sticky":false,"template":"","format":"standard","meta":{"sfsi_plus_gutenberg_text_before_share":"","sfsi_plus_gutenberg_show_text_before_share":"","sfsi_plus_gutenberg_icon_type":"","sfsi_plus_gutenberg_icon_alignemt":"","sfsi_plus_gutenburg_max_per_row":"","footnotes":""},"categories":[11],"tags":[],"class_list":["post-33514","post","type-post","status-publish","format-standard","has-post-thumbnail","hentry","category-politica"],"_links":{"self":[{"href":"https:\/\/www.caririemacao.com\/1\/wp-json\/wp\/v2\/posts\/33514","targetHints":{"allow":["GET"]}}],"collection":[{"href":"https:\/\/www.caririemacao.com\/1\/wp-json\/wp\/v2\/posts"}],"about":[{"href":"https:\/\/www.caririemacao.com\/1\/wp-json\/wp\/v2\/types\/post"}],"author":[{"embeddable":true,"href":"https:\/\/www.caririemacao.com\/1\/wp-json\/wp\/v2\/users\/2"}],"replies":[{"embeddable":true,"href":"https:\/\/www.caririemacao.com\/1\/wp-json\/wp\/v2\/comments?post=33514"}],"version-history":[{"count":0,"href":"https:\/\/www.caririemacao.com\/1\/wp-json\/wp\/v2\/posts\/33514\/revisions"}],"wp:featuredmedia":[{"embeddable":true,"href":"https:\/\/www.caririemacao.com\/1\/wp-json\/wp\/v2\/media\/30916"}],"wp:attachment":[{"href":"https:\/\/www.caririemacao.com\/1\/wp-json\/wp\/v2\/media?parent=33514"}],"wp:term":[{"taxonomy":"category","embeddable":true,"href":"https:\/\/www.caririemacao.com\/1\/wp-json\/wp\/v2\/categories?post=33514"},{"taxonomy":"post_tag","embeddable":true,"href":"https:\/\/www.caririemacao.com\/1\/wp-json\/wp\/v2\/tags?post=33514"}],"curies":[{"name":"wp","href":"https:\/\/api.w.org\/{rel}","templated":true}]}}